{"id":1291,"date":"2026-09-05T19:32:54","date_gmt":"2026-09-05T19:32:54","guid":{"rendered":"https:\/\/contenidos.mx\/?p=1291"},"modified":"2026-09-05T19:32:55","modified_gmt":"2026-09-05T19:32:55","slug":"pantallas-y-aprendizaje-la-apa-advierte-que-prohibir-la-tecnologia-no-es-la-solucion","status":"publish","type":"post","link":"https:\/\/contenidos.mx\/?p=1291","title":{"rendered":"Pantallas y Aprendizaje: La APA Advierte que Prohibir la Tecnolog\u00eda no es la Soluci\u00f3n"},"content":{"rendered":"\n<p class=\"wp-block-paragraph\">Prohibir o reducir dr\u00e1sticamente el uso de pantallas no garantiza un mejor aprendizaje en ni\u00f1os y adolescentes. Un nuevo informe de la Asociaci\u00f3n Americana de Psicolog\u00eda (APA) advierte que el impacto de la tecnolog\u00eda educativa (EdTech) depende enteramente del dise\u00f1o de la herramienta, el involucramiento activo de los adultos y las din\u00e1micas f\u00edsicas que esta desplaza.<\/p>\n\n\n\n<p class=\"wp-block-paragraph\"><strong>El Desplazamiento de Actividades y la Regla del Tiempo<\/strong><\/p>\n\n\n\n<p class=\"wp-block-paragraph\">El documento subraya que el exceso de dispositivos digitales afecta directamente el bienestar psicosocial al restar horas indispensables para dormir, leer, conversar presencialmente o realizar actividad f\u00edsica. El momento del d\u00eda en que se utilizan tambi\u00e9n es crucial: consumir contenido interactivo o altamente estimulante justo antes de dormir o previo a tareas de alta concentraci\u00f3n deteriora el rendimiento cognitivo. Para contrarrestarlo, la APA recomienda integrar experiencias fuera de l\u00ednea en lugar de limitarse a establecer bloqueos de horario.<\/p>\n\n\n\n<p class=\"wp-block-paragraph\"><strong>Gu\u00eda de Uso de Tecnolog\u00eda Educativa por Edad<\/strong><\/p>\n\n\n\n<figure class=\"wp-block-table\"><table class=\"has-fixed-layout\"><thead><tr><td><strong>Rango de Edad<\/strong><\/td><td><strong>Nivel de Autonom\u00eda<\/strong><\/td><td><strong>Enfoque Principal del Uso Tecnol\u00f3gico<\/strong><\/td><\/tr><\/thead><tbody><tr><td><strong>5 a 8 a\u00f1os<\/strong><\/td><td>Supervisi\u00f3n adulta total<\/td><td>No usar como &#8220;ni\u00f1era&#8221; ni recompensa. Balancear estrictamente con juego f\u00edsico, lectura, dibujo y actividades pr\u00e1cticas.<\/td><\/tr><tr><td><strong>9 a 12 a\u00f1os<\/strong><\/td><td>Uso independiente guiado<\/td><td>Desarrollar mecanismos de autorregulaci\u00f3n. Los tutores deben incentivar la reflexi\u00f3n sobre c\u00f3mo aplicar lo aprendido fuera de internet.<\/td><\/tr><tr><td><strong>13 a 18 a\u00f1os<\/strong><\/td><td>Alta autonom\u00eda<\/td><td>Exigir verificaci\u00f3n de datos, comprobaci\u00f3n del razonamiento l\u00f3gico y la capacidad para resolver problemas complejos sin depender de la tecnolog\u00eda.<\/td><\/tr><\/tbody><\/table><\/figure>\n\n\n\n<p class=\"wp-block-paragraph\"><strong>Riesgos y Recomendaciones frente a la Inteligencia Artificial<\/strong><\/p>\n\n\n\n<p class=\"wp-block-paragraph\">El uso de inteligencia artificial generativa (GenIA) en el entorno escolar presenta desaf\u00edos \u00fanicos que requieren extremo cuidado:<\/p>\n\n\n\n<ul class=\"wp-block-list\">\n<li><strong>Falsa sensaci\u00f3n de aprendizaje:<\/strong> Aunque la IA ofrece respuestas correctas y r\u00e1pidas, reduce la retenci\u00f3n de informaci\u00f3n a largo plazo y merma la confianza del estudiante para resolver problemas por s\u00ed mismo.<\/li>\n\n\n\n<li><strong>Riesgo de dependencia emocional:<\/strong> Los chatbots con lenguaje c\u00e1lido y humanoide pueden generar un falso apego, un riesgo latente para j\u00f3venes social o psicol\u00f3gicamente vulnerables.<\/li>\n\n\n\n<li><strong>Regla del primer intento:<\/strong> La IA nunca debe sustituir el esfuerzo inicial. El alumno debe generar su propio borrador o soluci\u00f3n primero, utilizando la tecnolog\u00eda \u00fanicamente para comparar, evaluar y pulir su propio razonamiento.<\/li>\n<\/ul>\n\n\n\n<p class=\"wp-block-paragraph\">El debate debe dejar de centrarse obsesivamente en contabilizar los minutos frente al monitor para enfocarse en la calidad de la interacci\u00f3n. La eficacia del aprendizaje digital se define al analizar qu\u00e9 conocimientos reales conservan los estudiantes, qu\u00e9 actividades tangibles est\u00e1n sacrificando en el proceso y qu\u00e9 nivel de acompa\u00f1amiento reciben para navegar de forma cr\u00edtica en un entorno hiperconectado.<\/p>\n","protected":false},"excerpt":{"rendered":"<p>Prohibir o reducir dr\u00e1sticamente el uso de pantallas no garantiza un mejor aprendizaje en ni\u00f1os y adolescentes. Un nuevo informe de la Asociaci\u00f3n Americana de Psicolog\u00eda (APA) advierte que el impacto de la tecnolog\u00eda educativa (EdTech) depende enteramente del dise\u00f1o de la herramienta, el involucramiento activo de los adultos y las din\u00e1micas f\u00edsicas que esta [&hellip;]<\/p>\n","protected":false},"author":1,"featured_media":1292,"comment_status":"open","ping_status":"open","sticky":false,"template":"","format":"standard","meta":{"om_disable_all_campaigns":false,"_monsterinsights_skip_tracking":false,"footnotes":""},"categories":[95,8],"tags":[347,344,53,276,343,348,345,346],"class_list":["post-1291","post","type-post","status-publish","format-standard","has-post-thumbnail","hentry","category-lo-que-sucede-en-el-mundo","category-nacional","tag-apa","tag-edtech","tag-educacion","tag-inteligencia-artificial","tag-psicologia-infantil","tag-salud-mental-juvenil","tag-tecnologia-educativa","tag-tiempo-de-pantalla"],"aioseo_notices":[],"aioseo_head":"\n\t\t<!-- All in One SEO 5.0.1.1 - aioseo.com -->\n\t<meta name=\"description\" content=\"Un nuevo informe de la APA revela que limitar el tiempo de pantalla no basta para mejorar el aprendizaje; la clave es el uso guiado, la edad y la cautela ante la IA.\" \/>\n\t<meta name=\"robots\" content=\"max-image-preview:large\" \/>\n\t<meta name=\"author\" content=\"contenidos.mx\"\/>\n\t<meta name=\"google-site-verification\" content=\"dVVK4KdZibq-rF-ZuahIX_cMJBszqXqAlI_DEIZu4oQ\" \/>\n\t<link rel=\"canonical\" href=\"https:\/\/contenidos.mx\/?p=1291\" \/>\n\t<meta name=\"generator\" content=\"All in One SEO (AIOSEO) 5.0.1.1\" \/>\n\t\t<meta property=\"og:locale\" content=\"es_MX\" \/>\n\t\t<meta property=\"og:site_name\" content=\"CONTENIDOS MX - COMUNICACI\u00d3N Y MEDIOS\" \/>\n\t\t<meta property=\"og:type\" content=\"article\" \/>\n\t\t<meta property=\"og:title\" content=\"Pantallas y Aprendizaje: La APA Advierte que Prohibir la Tecnolog\u00eda no es la Soluci\u00f3n\" \/>\n\t\t<meta property=\"og:description\" content=\"Un nuevo informe de la APA revela que limitar el tiempo de pantalla no basta para mejorar el aprendizaje; la clave es el uso guiado, la edad y la cautela ante la IA.\" \/>\n\t\t<meta property=\"og:url\" content=\"https:\/\/contenidos.mx\/?p=1291\" \/>\n\t\t<meta property=\"fb:app_id\" content=\"1047699617262410\" \/>\n\t\t<meta property=\"fb:admins\" content=\"61563903470464\" \/>\n\t\t<meta property=\"og:image\" content=\"https:\/\/contenidos.mx\/wp-content\/uploads\/2026\/09\/Gemini_Generated_Image_6v3h266v3h266v3h-scaled-e17886362205141.jpeg\" \/>\n\t\t<meta property=\"og:image:secure_url\" content=\"https:\/\/contenidos.mx\/wp-content\/uploads\/2026\/09\/Gemini_Generated_Image_6v3h266v3h266v3h-scaled-e17886362205141.jpeg\" \/>\n\t\t<meta property=\"og:image:width\" content=\"850\" \/>\n\t\t<meta property=\"og:image:height\" content=\"464\" \/>\n\t\t<meta property=\"article:tag\" content=\"internacional\" \/>\n\t\t<meta property=\"article:tag\" content=\"nacional\" \/>\n\t\t<meta property=\"article:tag\" content=\"apa\" \/>\n\t\t<meta property=\"article:tag\" content=\"edtech\" \/>\n\t\t<meta property=\"article:tag\" content=\"educaci\u00f3n\" \/>\n\t\t<meta property=\"article:tag\" content=\"inteligencia artificial\" \/>\n\t\t<meta property=\"article:tag\" content=\"psicolog\u00eda infantil\" \/>\n\t\t<meta property=\"article:tag\" content=\"salud mental juvenil\" \/>\n\t\t<meta property=\"article:tag\" content=\"tecnolog\u00eda educativa\" \/>\n\t\t<meta property=\"article:tag\" content=\"tiempo de pantalla\" \/>\n\t\t<meta property=\"article:published_time\" content=\"2026-09-05T19:32:54+00:00\" \/>\n\t\t<meta property=\"article:modified_time\" content=\"2026-09-05T19:32:55+00:00\" \/>\n\t\t<meta property=\"article:publisher\" content=\"https:\/\/www.facebook.com\/contenidosmx\" \/>\n\t\t<meta name=\"twitter:card\" content=\"summary_large_image\" \/>\n\t\t<meta name=\"twitter:title\" content=\"Pantallas y Aprendizaje: La APA Advierte que Prohibir la Tecnolog\u00eda no es la Soluci\u00f3n\" \/>\n\t\t<meta name=\"twitter:description\" content=\"Un nuevo informe de la APA revela que limitar el tiempo de pantalla no basta para mejorar el aprendizaje; la clave es el uso guiado, la edad y la cautela ante la IA.\" \/>\n\t\t<meta name=\"twitter:image\" content=\"https:\/\/contenidos.mx\/wp-content\/uploads\/2024\/06\/cropped-COIN-CONTENIDOS_NGR.png\" \/>\n\t\t<script type=\"application\/ld+json\" class=\"aioseo-schema\">\n\t\t\t{\"@context\":\"https:\\\/\\\/schema.org\",\"@graph\":[{\"@type\":\"BlogPosting\",\"@id\":\"https:\\\/\\\/contenidos.mx\\\/?p=1291#blogposting\",\"name\":\"Pantallas y Aprendizaje: La APA Advierte que Prohibir la Tecnolog\\u00eda no es la Soluci\\u00f3n\",\"headline\":\"Pantallas y Aprendizaje: La APA Advierte que Prohibir la Tecnolog\\u00eda no es la Soluci\\u00f3n\",\"author\":{\"@id\":\"https:\\\/\\\/contenidos.mx\\\/?author=1#author\"},\"publisher\":{\"@id\":\"https:\\\/\\\/contenidos.mx\\\/#organization\"},\"image\":{\"@type\":\"ImageObject\",\"url\":\"https:\\\/\\\/contenidos.mx\\\/wp-content\\\/uploads\\\/2026\\\/09\\\/Gemini_Generated_Image_6v3h266v3h266v3h-scaled-e17886362205141.jpeg\",\"width\":850,\"height\":464,\"caption\":\"Pantallas y Aprendizaje: La APA Advierte que Prohibir la Tecnolog\\u00eda no es la Soluci\\u00f3n\"},\"datePublished\":\"2026-09-05T19:32:54+00:00\",\"dateModified\":\"2026-09-05T19:32:55+00:00\",\"inLanguage\":\"es-MX\",\"mainEntityOfPage\":{\"@id\":\"https:\\\/\\\/contenidos.mx\\\/?p=1291#webpage\"},\"isPartOf\":{\"@id\":\"https:\\\/\\\/contenidos.mx\\\/?p=1291#webpage\"},\"articleSection\":\"INTERNACIONAL, NACIONAL, APA, EdTech, Educaci\\u00f3n, INTELIGENCIA ARTIFICIAL, Psicolog\\u00eda infantil, Salud mental juvenil, Tecnolog\\u00eda educativa, Tiempo de pantalla\"},{\"@type\":\"BreadcrumbList\",\"@id\":\"https:\\\/\\\/contenidos.mx\\\/?p=1291#breadcrumblist\",\"itemListElement\":[{\"@type\":\"ListItem\",\"@id\":\"https:\\\/\\\/contenidos.mx#listItem\",\"position\":1,\"name\":\"Home\",\"item\":\"https:\\\/\\\/contenidos.mx\",\"nextItem\":{\"@type\":\"ListItem\",\"@id\":\"https:\\\/\\\/contenidos.mx\\\/?cat=8#listItem\",\"name\":\"NACIONAL\"}},{\"@type\":\"ListItem\",\"@id\":\"https:\\\/\\\/contenidos.mx\\\/?cat=8#listItem\",\"position\":2,\"name\":\"NACIONAL\",\"item\":\"https:\\\/\\\/contenidos.mx\\\/?cat=8\",\"nextItem\":{\"@type\":\"ListItem\",\"@id\":\"https:\\\/\\\/contenidos.mx\\\/?p=1291#listItem\",\"name\":\"Pantallas y Aprendizaje: La APA Advierte que Prohibir la Tecnolog\\u00eda no es la Soluci\\u00f3n\"},\"previousItem\":{\"@type\":\"ListItem\",\"@id\":\"https:\\\/\\\/contenidos.mx#listItem\",\"name\":\"Home\"}},{\"@type\":\"ListItem\",\"@id\":\"https:\\\/\\\/contenidos.mx\\\/?p=1291#listItem\",\"position\":3,\"name\":\"Pantallas y Aprendizaje: La APA Advierte que Prohibir la Tecnolog\\u00eda no es la Soluci\\u00f3n\",\"previousItem\":{\"@type\":\"ListItem\",\"@id\":\"https:\\\/\\\/contenidos.mx\\\/?cat=8#listItem\",\"name\":\"NACIONAL\"}}]},{\"@type\":\"Organization\",\"@id\":\"https:\\\/\\\/contenidos.mx\\\/#organization\",\"name\":\"contenidos.mx\",\"description\":\"COMUNICACI\\u00d3N Y MEDIOS\",\"url\":\"https:\\\/\\\/contenidos.mx\\\/\",\"telephone\":\"+528341095924\",\"logo\":{\"@type\":\"ImageObject\",\"url\":\"https:\\\/\\\/contenidos.mx\\\/wp-content\\\/uploads\\\/2024\\\/06\\\/COIN-CONTENIDOS_NGR.png\",\"@id\":\"https:\\\/\\\/contenidos.mx\\\/?p=1291\\\/#organizationLogo\",\"width\":81,\"height\":103},\"image\":{\"@id\":\"https:\\\/\\\/contenidos.mx\\\/?p=1291\\\/#organizationLogo\"},\"sameAs\":[\"https:\\\/\\\/www.facebook.com\\\/contenidosmx\",\"https:\\\/\\\/www.instagram.com\\\/contenidosmx\\\/\"]},{\"@type\":\"Person\",\"@id\":\"https:\\\/\\\/contenidos.mx\\\/?author=1#author\",\"url\":\"https:\\\/\\\/contenidos.mx\\\/?author=1\",\"name\":\"contenidos.mx\",\"image\":{\"@type\":\"ImageObject\",\"@id\":\"https:\\\/\\\/contenidos.mx\\\/?p=1291#authorImage\",\"url\":\"https:\\\/\\\/secure.gravatar.com\\\/avatar\\\/ae48d4173fe5ee38739cf4bb7fdb797aeb7f9edb28bbfd6a7beba16e1185f077?s=96&d=mm&r=g\",\"width\":96,\"height\":96,\"caption\":\"contenidos.mx\"}},{\"@type\":\"WebPage\",\"@id\":\"https:\\\/\\\/contenidos.mx\\\/?p=1291#webpage\",\"url\":\"https:\\\/\\\/contenidos.mx\\\/?p=1291\",\"name\":\"Pantallas y Aprendizaje: La APA Advierte que Prohibir la Tecnolog\\u00eda no es la Soluci\\u00f3n\",\"description\":\"Un nuevo informe de la APA revela que limitar el tiempo de pantalla no basta para mejorar el aprendizaje; la clave es el uso guiado, la edad y la cautela ante la IA.\",\"inLanguage\":\"es-MX\",\"isPartOf\":{\"@id\":\"https:\\\/\\\/contenidos.mx\\\/#website\"},\"breadcrumb\":{\"@id\":\"https:\\\/\\\/contenidos.mx\\\/?p=1291#breadcrumblist\"},\"author\":{\"@id\":\"https:\\\/\\\/contenidos.mx\\\/?author=1#author\"},\"creator\":{\"@id\":\"https:\\\/\\\/contenidos.mx\\\/?author=1#author\"},\"image\":{\"@type\":\"ImageObject\",\"url\":\"https:\\\/\\\/contenidos.mx\\\/wp-content\\\/uploads\\\/2026\\\/09\\\/Gemini_Generated_Image_6v3h266v3h266v3h-scaled-e17886362205141.jpeg\",\"@id\":\"https:\\\/\\\/contenidos.mx\\\/?p=1291\\\/#mainImage\",\"width\":850,\"height\":464,\"caption\":\"Pantallas y Aprendizaje: La APA Advierte que Prohibir la Tecnolog\\u00eda no es la Soluci\\u00f3n\"},\"primaryImageOfPage\":{\"@id\":\"https:\\\/\\\/contenidos.mx\\\/?p=1291#mainImage\"},\"datePublished\":\"2026-09-05T19:32:54+00:00\",\"dateModified\":\"2026-09-05T19:32:55+00:00\"},{\"@type\":\"WebSite\",\"@id\":\"https:\\\/\\\/contenidos.mx\\\/#website\",\"url\":\"https:\\\/\\\/contenidos.mx\\\/\",\"name\":\"contenidos.mx\",\"description\":\"COMUNICACI\\u00d3N Y MEDIOS\",\"inLanguage\":\"es-MX\",\"publisher\":{\"@id\":\"https:\\\/\\\/contenidos.mx\\\/#organization\"}}]}\n\t\t<\/script>\n\t\t<!-- All in One SEO -->\n\n","aioseo_head_json":{"title":"Pantallas y Aprendizaje: La APA Advierte que Prohibir la Tecnolog\u00eda no es la Soluci\u00f3n","description":"Un nuevo informe de la APA revela que limitar el tiempo de pantalla no basta para mejorar el aprendizaje; la clave es el uso guiado, la edad y la cautela ante la IA.","canonical_url":"https:\/\/contenidos.mx\/?p=1291","robots":"max-image-preview:large","keywords":"","webmasterTools":{"google-site-verification":"dVVK4KdZibq-rF-ZuahIX_cMJBszqXqAlI_DEIZu4oQ","miscellaneous":""},"schema":{"@context":"https:\/\/schema.org","@graph":[{"@type":"BlogPosting","@id":"https:\/\/contenidos.mx\/?p=1291#blogposting","name":"Pantallas y Aprendizaje: La APA Advierte que Prohibir la Tecnolog\u00eda no es la Soluci\u00f3n","headline":"Pantallas y Aprendizaje: La APA Advierte que Prohibir la Tecnolog\u00eda no es la Soluci\u00f3n","author":{"@id":"https:\/\/contenidos.mx\/?author=1#author"},"publisher":{"@id":"https:\/\/contenidos.mx\/#organization"},"image":{"@type":"ImageObject","url":"https:\/\/contenidos.mx\/wp-content\/uploads\/2026\/09\/Gemini_Generated_Image_6v3h266v3h266v3h-scaled-e17886362205141.jpeg","width":850,"height":464,"caption":"Pantallas y Aprendizaje: La APA Advierte que Prohibir la Tecnolog\u00eda no es la Soluci\u00f3n"},"datePublished":"2026-09-05T19:32:54+00:00","dateModified":"2026-09-05T19:32:55+00:00","inLanguage":"es-MX","mainEntityOfPage":{"@id":"https:\/\/contenidos.mx\/?p=1291#webpage"},"isPartOf":{"@id":"https:\/\/contenidos.mx\/?p=1291#webpage"},"articleSection":"INTERNACIONAL, NACIONAL, APA, EdTech, Educaci\u00f3n, INTELIGENCIA ARTIFICIAL, Psicolog\u00eda infantil, Salud mental juvenil, Tecnolog\u00eda educativa, Tiempo de pantalla"},{"@type":"BreadcrumbList","@id":"https:\/\/contenidos.mx\/?p=1291#breadcrumblist","itemListElement":[{"@type":"ListItem","@id":"https:\/\/contenidos.mx#listItem","position":1,"name":"Home","item":"https:\/\/contenidos.mx","nextItem":{"@type":"ListItem","@id":"https:\/\/contenidos.mx\/?cat=8#listItem","name":"NACIONAL"}},{"@type":"ListItem","@id":"https:\/\/contenidos.mx\/?cat=8#listItem","position":2,"name":"NACIONAL","item":"https:\/\/contenidos.mx\/?cat=8","nextItem":{"@type":"ListItem","@id":"https:\/\/contenidos.mx\/?p=1291#listItem","name":"Pantallas y Aprendizaje: La APA Advierte que Prohibir la Tecnolog\u00eda no es la Soluci\u00f3n"},"previousItem":{"@type":"ListItem","@id":"https:\/\/contenidos.mx#listItem","name":"Home"}},{"@type":"ListItem","@id":"https:\/\/contenidos.mx\/?p=1291#listItem","position":3,"name":"Pantallas y Aprendizaje: La APA Advierte que Prohibir la Tecnolog\u00eda no es la Soluci\u00f3n","previousItem":{"@type":"ListItem","@id":"https:\/\/contenidos.mx\/?cat=8#listItem","name":"NACIONAL"}}]},{"@type":"Organization","@id":"https:\/\/contenidos.mx\/#organization","name":"contenidos.mx","description":"COMUNICACI\u00d3N Y MEDIOS","url":"https:\/\/contenidos.mx\/","telephone":"+528341095924","logo":{"@type":"ImageObject","url":"https:\/\/contenidos.mx\/wp-content\/uploads\/2024\/06\/COIN-CONTENIDOS_NGR.png","@id":"https:\/\/contenidos.mx\/?p=1291\/#organizationLogo","width":81,"height":103},"image":{"@id":"https:\/\/contenidos.mx\/?p=1291\/#organizationLogo"},"sameAs":["https:\/\/www.facebook.com\/contenidosmx","https:\/\/www.instagram.com\/contenidosmx\/"]},{"@type":"Person","@id":"https:\/\/contenidos.mx\/?author=1#author","url":"https:\/\/contenidos.mx\/?author=1","name":"contenidos.mx","image":{"@type":"ImageObject","@id":"https:\/\/contenidos.mx\/?p=1291#authorImage","url":"https:\/\/secure.gravatar.com\/avatar\/ae48d4173fe5ee38739cf4bb7fdb797aeb7f9edb28bbfd6a7beba16e1185f077?s=96&d=mm&r=g","width":96,"height":96,"caption":"contenidos.mx"}},{"@type":"WebPage","@id":"https:\/\/contenidos.mx\/?p=1291#webpage","url":"https:\/\/contenidos.mx\/?p=1291","name":"Pantallas y Aprendizaje: La APA Advierte que Prohibir la Tecnolog\u00eda no es la Soluci\u00f3n","description":"Un nuevo informe de la APA revela que limitar el tiempo de pantalla no basta para mejorar el aprendizaje; la clave es el uso guiado, la edad y la cautela ante la IA.","inLanguage":"es-MX","isPartOf":{"@id":"https:\/\/contenidos.mx\/#website"},"breadcrumb":{"@id":"https:\/\/contenidos.mx\/?p=1291#breadcrumblist"},"author":{"@id":"https:\/\/contenidos.mx\/?author=1#author"},"creator":{"@id":"https:\/\/contenidos.mx\/?author=1#author"},"image":{"@type":"ImageObject","url":"https:\/\/contenidos.mx\/wp-content\/uploads\/2026\/09\/Gemini_Generated_Image_6v3h266v3h266v3h-scaled-e17886362205141.jpeg","@id":"https:\/\/contenidos.mx\/?p=1291\/#mainImage","width":850,"height":464,"caption":"Pantallas y Aprendizaje: La APA Advierte que Prohibir la Tecnolog\u00eda no es la Soluci\u00f3n"},"primaryImageOfPage":{"@id":"https:\/\/contenidos.mx\/?p=1291#mainImage"},"datePublished":"2026-09-05T19:32:54+00:00","dateModified":"2026-09-05T19:32:55+00:00"},{"@type":"WebSite","@id":"https:\/\/contenidos.mx\/#website","url":"https:\/\/contenidos.mx\/","name":"contenidos.mx","description":"COMUNICACI\u00d3N Y MEDIOS","inLanguage":"es-MX","publisher":{"@id":"https:\/\/contenidos.mx\/#organization"}}]},"og:locale":"es_MX","og:site_name":"CONTENIDOS MX - COMUNICACI\u00d3N Y MEDIOS","og:type":"article","og:title":"Pantallas y Aprendizaje: La APA Advierte que Prohibir la Tecnolog\u00eda no es la Soluci\u00f3n","og:description":"Un nuevo informe de la APA revela que limitar el tiempo de pantalla no basta para mejorar el aprendizaje; la clave es el uso guiado, la edad y la cautela ante la IA.","og:url":"https:\/\/contenidos.mx\/?p=1291","fb:app_id":"1047699617262410","fb:admins":"61563903470464","og:image":"https:\/\/contenidos.mx\/wp-content\/uploads\/2026\/09\/Gemini_Generated_Image_6v3h266v3h266v3h-scaled-e17886362205141.jpeg","og:image:secure_url":"https:\/\/contenidos.mx\/wp-content\/uploads\/2026\/09\/Gemini_Generated_Image_6v3h266v3h266v3h-scaled-e17886362205141.jpeg","og:image:width":"850","og:image:height":"464","article:tag":["internacional","nacional","apa","edtech","educaci\u00f3n","inteligencia artificial","psicolog\u00eda infantil","salud mental juvenil","tecnolog\u00eda educativa","tiempo de pantalla"],"article:published_time":"2026-09-05T19:32:54+00:00","article:modified_time":"2026-09-05T19:32:55+00:00","article:publisher":"https:\/\/www.facebook.com\/contenidosmx","twitter:card":"summary_large_image","twitter:title":"Pantallas y Aprendizaje: La APA Advierte que Prohibir la Tecnolog\u00eda no es la Soluci\u00f3n","twitter:description":"Un nuevo informe de la APA revela que limitar el tiempo de pantalla no basta para mejorar el aprendizaje; la clave es el uso guiado, la edad y la cautela ante la IA.","twitter:image":"https:\/\/contenidos.mx\/wp-content\/uploads\/2024\/06\/cropped-COIN-CONTENIDOS_NGR.png"},"aioseo_meta_data":{"post_id":"1291","title":"Pantallas y Aprendizaje: La APA Advierte que Prohibir la Tecnolog\u00eda no es la Soluci\u00f3n","description":"Un nuevo informe de la APA revela que limitar el tiempo de pantalla no basta para mejorar el aprendizaje; la clave es el uso guiado, la edad y la cautela ante la IA.","keywords":null,"keyphrases":{"focus":{"keyphrase":"tecnolog\u00eda educativa","score":0,"analysis":[]},"additional":[]},"primary_term":null,"canonical_url":null,"og_title":"Pantallas y Aprendizaje: La APA Advierte que Prohibir la Tecnolog\u00eda no es la Soluci\u00f3n","og_description":"Un nuevo informe de la APA revela que limitar el tiempo de pantalla no basta para mejorar el aprendizaje; la clave es el uso guiado, la edad y la cautela ante la IA.","og_object_type":"default","og_image_type":"featured","og_image_url":"https:\/\/contenidos.mx\/wp-content\/uploads\/2026\/09\/Gemini_Generated_Image_6v3h266v3h266v3h-scaled-e17886362205141.jpeg","og_image_width":"850","og_image_height":"464","og_image_custom_url":null,"og_image_custom_fields":null,"og_video":"","og_custom_url":null,"og_article_section":null,"og_article_tags":null,"twitter_use_og":false,"twitter_card":"default","twitter_image_type":"default","twitter_image_url":null,"twitter_image_custom_url":null,"twitter_image_custom_fields":null,"twitter_title":null,"twitter_description":null,"schema":{"blockGraphs":[],"customGraphs":[],"default":{"data":{"Article":[],"Course":[],"Dataset":[],"FAQPage":[],"Movie":[],"Person":[],"Product":[],"ProductReview":[],"Car":[],"Recipe":[],"Service":[],"SoftwareApplication":[],"WebPage":[]},"graphName":"BlogPosting","isEnabled":true},"graphs":[]},"schema_type":"default","schema_type_options":null,"pillar_content":false,"robots_default":true,"robots_noindex":false,"robots_noarchive":false,"robots_nosnippet":false,"robots_nofollow":false,"robots_noimageindex":false,"robots_noodp":false,"robots_notranslate":false,"robots_max_snippet":"-1","robots_max_videopreview":"-1","robots_max_imagepreview":"large","priority":null,"frequency":"default","local_seo":null,"breadcrumb_settings":null,"limit_modified_date":false,"ai":{"faqs":[],"keyPoints":[],"schemas":[],"titles":[],"descriptions":[],"socialPosts":{"email":{"subject":"","preview":"","content":""},"linkedin":[],"twitter":[],"facebook":[],"instagram":[]}},"created":"2026-09-05 19:32:55","updated":"2026-09-05 19:35:33","seo_analyzer_scan_date":null,"focus_keyword":"tecnolog\u00eda educativa","additional_keywords":null,"truseo_locale":null},"aioseo_breadcrumb":"<div class=\"aioseo-breadcrumbs\"><span class=\"aioseo-breadcrumb\">\n\t\t\t<a href=\"https:\/\/contenidos.mx\" title=\"Home\">Home<\/a>\n\t\t<\/span><span class=\"aioseo-breadcrumb-separator\">&raquo;<\/span><span class=\"aioseo-breadcrumb\">\n\t\t\t<a href=\"https:\/\/contenidos.mx\/?cat=8\" title=\"NACIONAL\">NACIONAL<\/a>\n\t\t<\/span><span class=\"aioseo-breadcrumb-separator\">&raquo;<\/span><span class=\"aioseo-breadcrumb\">\n\t\t\tPantallas y Aprendizaje: La APA Advierte que Prohibir la Tecnolog\u00eda no es la Soluci\u00f3n\n\t\t<\/span><\/div>","aioseo_breadcrumb_json":[{"label":"Home","link":"https:\/\/contenidos.mx"},{"label":"NACIONAL","link":"https:\/\/contenidos.mx\/?cat=8"},{"label":"Pantallas y Aprendizaje: La APA Advierte que Prohibir la Tecnolog\u00eda no es la Soluci\u00f3n","link":"https:\/\/contenidos.mx\/?p=1291"}],"_links":{"self":[{"href":"https:\/\/contenidos.mx\/index.php?rest_route=\/wp\/v2\/posts\/1291","targetHints":{"allow":["GET"]}}],"collection":[{"href":"https:\/\/contenidos.mx\/index.php?rest_route=\/wp\/v2\/posts"}],"about":[{"href":"https:\/\/contenidos.mx\/index.php?rest_route=\/wp\/v2\/types\/post"}],"author":[{"embeddable":true,"href":"https:\/\/contenidos.mx\/index.php?rest_route=\/wp\/v2\/users\/1"}],"replies":[{"embeddable":true,"href":"https:\/\/contenidos.mx\/index.php?rest_route=%2Fwp%2Fv2%2Fcomments&post=1291"}],"version-history":[{"count":1,"href":"https:\/\/contenidos.mx\/index.php?rest_route=\/wp\/v2\/posts\/1291\/revisions"}],"predecessor-version":[{"id":1293,"href":"https:\/\/contenidos.mx\/index.php?rest_route=\/wp\/v2\/posts\/1291\/revisions\/1293"}],"wp:featuredmedia":[{"embeddable":true,"href":"https:\/\/contenidos.mx\/index.php?rest_route=\/wp\/v2\/media\/1292"}],"wp:attachment":[{"href":"https:\/\/contenidos.mx\/index.php?rest_route=%2Fwp%2Fv2%2Fmedia&parent=1291"}],"wp:term":[{"taxonomy":"category","embeddable":true,"href":"https:\/\/contenidos.mx\/index.php?rest_route=%2Fwp%2Fv2%2Fcategories&post=1291"},{"taxonomy":"post_tag","embeddable":true,"href":"https:\/\/contenidos.mx\/index.php?rest_route=%2Fwp%2Fv2%2Ftags&post=1291"}],"curies":[{"name":"wp","href":"https:\/\/api.w.org\/{rel}","templated":true}]}}