{"id":211,"date":"2025-05-29T17:48:24","date_gmt":"2025-05-29T17:48:24","guid":{"rendered":"https:\/\/contenidos.mx\/?p=211"},"modified":"2025-05-29T17:48:24","modified_gmt":"2025-05-29T17:48:24","slug":"instala-sspt-comision-intersecretarial-para-la-reinsercion-social-y-servicios-post-penales-del-estado-de-tamaulipas","status":"publish","type":"post","link":"https:\/\/contenidos.mx\/?p=211","title":{"rendered":"Instala SSPT Comisi\u00f3n Intersecretarial para la Reinserci\u00f3n Social y Servicios Post Penales del Estado de Tamaulipas"},"content":{"rendered":"\n<details class=\"wp-block-details is-layout-flow wp-block-details-is-layout-flow\"><summary>El objetivo es fortalecer el Sistema Penitenciario de la entidad, lograr una reintegraci\u00f3n social efectiva y disminuir la reincidencia delictiva<\/summary>\n<p><\/p>\n<\/details>\n\n\n\n<p>Con base en el art\u00edculo 96 de la Ley Nacional de Ejecuci\u00f3n Penal, la Secretar\u00eda de Seguridad P\u00fablica de Tamaulipas (SSPT) instal\u00f3 la Comisi\u00f3n Intersecretarial para la Reinserci\u00f3n Social y Servicios Post Penales, la cual, tiene entre sus principales objetivos: fortalecer el sistema penitenciario, lograr una reintegraci\u00f3n efectiva a la sociedad y disminuir la reincidencia delictiva.<\/p>\n\n\n\n<p>Por ello, est\u00e1 integrada tambi\u00e9n por las secretar\u00edas estatales de Salud (SST), Educaci\u00f3n (SET), Trabajo y Previsi\u00f3n Social (STPST) Bienestar Social, Finanzas, Administraci\u00f3n, Sistema DIF Tamaulipas, Instituto Tamaulipeco para la Cultura y las Artes (ITCA), Instituto del Deporte (INDE Tamaulipas), Instituto de las Mujeres (INMUJERES Tamaulipas), Instituto de la Defensor\u00eda P\u00fablica del Estado, el Secretariado Ejecutivo del Sistema Estatal de Seguridad P\u00fablica y el Sistema Integral de Protecci\u00f3n a Ni\u00f1as, Ni\u00f1os y Adolescentes (SIPINNA) Tamaulipas.<\/p>\n\n\n\n<p>La sesi\u00f3n de instalaci\u00f3n cont\u00f3 con la presencia del secretario general de Gobierno, H\u00e9ctor Joel Villegas Gonz\u00e1lez en representaci\u00f3n del gobernador, Am\u00e9rico Villarreal Anaya, y fue encabezada por el titular de la SSPT, Sergio Hernando Ch\u00e1vez Garc\u00eda, quien reconoci\u00f3 a cada una de las dependencias presentes por sumar esfuerzos que permitan alcanzar los objetivos trazados.<\/p>\n\n\n\n<p>\u2018\u2019La reinserci\u00f3n social solamente ser\u00e1 factible cuando tengamos personas capaces de desenvolverse sanamente en la sociedad y de eso se trata esta comisi\u00f3n, de eso se trata el esfuerzo\u2019\u2019, manifest\u00f3.<\/p>\n\n\n\n<p>Por su parte, el director de Reinserci\u00f3n Social y Servicios Post Penales de la SSPT, Jorge Alberto Sauceda Velazco, indic\u00f3 que esta comisi\u00f3n \u2018\u2019nos ayudar\u00e1 a reducir los \u00edndices de reincidencia, mejorar la seguridad p\u00fablica y fomentar una cultura de respeto a los derechos humanos en el sistema penitenciario, asimismo, promover\u00e1 una sociedad m\u00e1s inclusiva y reducir\u00e1 la carga econ\u00f3mica y social derivada del encarcelamiento masivo\u2019\u2019.<\/p>\n","protected":false},"excerpt":{"rendered":"<p>Con base en el art\u00edculo 96 de la Ley Nacional de Ejecuci\u00f3n Penal, la Secretar\u00eda de Seguridad P\u00fablica de Tamaulipas (SSPT) instal\u00f3 la Comisi\u00f3n Intersecretarial para la Reinserci\u00f3n Social y Servicios Post Penales, la cual, tiene entre sus principales objetivos: fortalecer el sistema penitenciario, lograr una reintegraci\u00f3n efectiva a la sociedad y disminuir la reincidencia [&hellip;]<\/p>\n","protected":false},"author":1,"featured_media":212,"comment_status":"open","ping_status":"open","sticky":false,"template":"","format":"standard","meta":{"om_disable_all_campaigns":false,"_monsterinsights_skip_tracking":false,"_monsterinsights_sitenote_active":false,"_monsterinsights_sitenote_note":"","_monsterinsights_sitenote_category":0,"footnotes":""},"categories":[1],"tags":[],"class_list":["post-211","post","type-post","status-publish","format-standard","has-post-thumbnail","hentry","category-region"],"aioseo_notices":[],"_links":{"self":[{"href":"https:\/\/contenidos.mx\/index.php?rest_route=\/wp\/v2\/posts\/211","targetHints":{"allow":["GET"]}}],"collection":[{"href":"https:\/\/contenidos.mx\/index.php?rest_route=\/wp\/v2\/posts"}],"about":[{"href":"https:\/\/contenidos.mx\/index.php?rest_route=\/wp\/v2\/types\/post"}],"author":[{"embeddable":true,"href":"https:\/\/contenidos.mx\/index.php?rest_route=\/wp\/v2\/users\/1"}],"replies":[{"embeddable":true,"href":"https:\/\/contenidos.mx\/index.php?rest_route=%2Fwp%2Fv2%2Fcomments&post=211"}],"version-history":[{"count":1,"href":"https:\/\/contenidos.mx\/index.php?rest_route=\/wp\/v2\/posts\/211\/revisions"}],"predecessor-version":[{"id":213,"href":"https:\/\/contenidos.mx\/index.php?rest_route=\/wp\/v2\/posts\/211\/revisions\/213"}],"wp:featuredmedia":[{"embeddable":true,"href":"https:\/\/contenidos.mx\/index.php?rest_route=\/wp\/v2\/media\/212"}],"wp:attachment":[{"href":"https:\/\/contenidos.mx\/index.php?rest_route=%2Fwp%2Fv2%2Fmedia&parent=211"}],"wp:term":[{"taxonomy":"category","embeddable":true,"href":"https:\/\/contenidos.mx\/index.php?rest_route=%2Fwp%2Fv2%2Fcategories&post=211"},{"taxonomy":"post_tag","embeddable":true,"href":"https:\/\/contenidos.mx\/index.php?rest_route=%2Fwp%2Fv2%2Ftags&post=211"}],"curies":[{"name":"wp","href":"https:\/\/api.w.org\/{rel}","templated":true}]}}