{"id":214,"date":"2025-05-29T22:08:50","date_gmt":"2025-05-29T22:08:50","guid":{"rendered":"https:\/\/contenidos.mx\/?p=214"},"modified":"2025-05-29T22:10:02","modified_gmt":"2025-05-29T22:10:02","slug":"confirman-asesinato-de-integrantes-del-grupo-fugitivo-en-reynosa-hay-nueve-detenidos","status":"publish","type":"post","link":"https:\/\/contenidos.mx\/?p=214","title":{"rendered":"Confirman asesinato de integrantes del grupo &#8220;Fugitivo&#8221; en Reynosa; hay nueve detenidos"},"content":{"rendered":"\n<p>Las autoridades de Tamaulipas confirmaron el asesinato de los cinco integrantes del grupo musical &#8220;Fugitivo&#8221;, quienes fueron privados de su libertad la noche del 25 de mayo mientras se dirig\u00edan a una presentaci\u00f3n en la colonia Riveras del R\u00edo, en Reynosa.<\/p>\n\n\n\n<p>En conferencia de prensa, el fiscal Irving Barrios Mojica y el secretario general de Gobierno, H\u00e9ctor Joel Villegas, informaron que las investigaciones permitieron localizar un predio en la colonia Aquiles Serd\u00e1n, donde se presume que los m\u00fasicos fueron asesinados y posteriormente calcinados.<\/p>\n\n\n\n<p>Durante el operativo, se detuvo a nueve presuntos responsables, presuntamente vinculados a una c\u00e9lula delictiva con operaci\u00f3n en Reynosa. Tambi\u00e9n se aseguraron nueve armas de fuego y dos veh\u00edculos relacionados con el caso.<\/p>\n\n\n\n<p>El grupo &#8220;Fugitivo&#8221; era una banda local de m\u00fasica regional mexicana, originaria de Reynosa, conocida por amenizar eventos sociales y fiestas privadas en la regi\u00f3n. Los integrantes eran Francisco V\u00e1zquez, Nemesio Dur\u00e1n, Livan Sol\u00eds de la Rosa, V\u00edctor Garza y Jos\u00e9 Francisco Morales.<\/p>\n\n\n\n<p>La desaparici\u00f3n del grupo gener\u00f3 preocupaci\u00f3n en la comunidad y cr\u00edticas hacia las autoridades por la falta de informaci\u00f3n oficial durante los d\u00edas posteriores al incidente. Familiares de las v\u00edctimas han desmentido cualquier v\u00ednculo del grupo con el crimen organizado y han exigido justicia.<\/p>\n\n\n\n<p>Este tr\u00e1gico suceso ha provocado indignaci\u00f3n en Tamaulipas, resaltando la vulnerabilidad de los artistas locales frente a la violencia que afecta la regi\u00f3n.<\/p>\n","protected":false},"excerpt":{"rendered":"<p>Las autoridades de Tamaulipas confirmaron el asesinato de los cinco integrantes del grupo musical &#8220;Fugitivo&#8221;, quienes fueron privados de su libertad la noche del 25 de mayo mientras se dirig\u00edan a una presentaci\u00f3n en la colonia Riveras del R\u00edo, en Reynosa. En conferencia de prensa, el fiscal Irving Barrios Mojica y el secretario general de [&hellip;]<\/p>\n","protected":false},"author":1,"featured_media":215,"comment_status":"open","ping_status":"open","sticky":false,"template":"","format":"standard","meta":{"om_disable_all_campaigns":false,"_monsterinsights_skip_tracking":false,"_monsterinsights_sitenote_active":false,"_monsterinsights_sitenote_note":"","_monsterinsights_sitenote_category":0,"footnotes":""},"categories":[1],"tags":[24,23,12],"class_list":["post-214","post","type-post","status-publish","format-standard","has-post-thumbnail","hentry","category-region","tag-fugitivo","tag-reynosa","tag-tamaulipas"],"aioseo_notices":[],"_links":{"self":[{"href":"https:\/\/contenidos.mx\/index.php?rest_route=\/wp\/v2\/posts\/214","targetHints":{"allow":["GET"]}}],"collection":[{"href":"https:\/\/contenidos.mx\/index.php?rest_route=\/wp\/v2\/posts"}],"about":[{"href":"https:\/\/contenidos.mx\/index.php?rest_route=\/wp\/v2\/types\/post"}],"author":[{"embeddable":true,"href":"https:\/\/contenidos.mx\/index.php?rest_route=\/wp\/v2\/users\/1"}],"replies":[{"embeddable":true,"href":"https:\/\/contenidos.mx\/index.php?rest_route=%2Fwp%2Fv2%2Fcomments&post=214"}],"version-history":[{"count":1,"href":"https:\/\/contenidos.mx\/index.php?rest_route=\/wp\/v2\/posts\/214\/revisions"}],"predecessor-version":[{"id":216,"href":"https:\/\/contenidos.mx\/index.php?rest_route=\/wp\/v2\/posts\/214\/revisions\/216"}],"wp:featuredmedia":[{"embeddable":true,"href":"https:\/\/contenidos.mx\/index.php?rest_route=\/wp\/v2\/media\/215"}],"wp:attachment":[{"href":"https:\/\/contenidos.mx\/index.php?rest_route=%2Fwp%2Fv2%2Fmedia&parent=214"}],"wp:term":[{"taxonomy":"category","embeddable":true,"href":"https:\/\/contenidos.mx\/index.php?rest_route=%2Fwp%2Fv2%2Fcategories&post=214"},{"taxonomy":"post_tag","embeddable":true,"href":"https:\/\/contenidos.mx\/index.php?rest_route=%2Fwp%2Fv2%2Ftags&post=214"}],"curies":[{"name":"wp","href":"https:\/\/api.w.org\/{rel}","templated":true}]}}