{"id":467,"date":"2025-07-30T21:26:14","date_gmt":"2025-07-30T21:26:14","guid":{"rendered":"https:\/\/contenidos.mx\/?p=467"},"modified":"2025-07-30T21:26:14","modified_gmt":"2025-07-30T21:26:14","slug":"nuevo-laredo-fortalece-sustentabilidad-con-red-de-centros-de-acopio-para-manejo-responsable-de-residuos","status":"publish","type":"post","link":"https:\/\/contenidos.mx\/?p=467","title":{"rendered":"Nuevo Laredo fortalece sustentabilidad con red de centros de acopio para manejo responsable de residuos"},"content":{"rendered":"\n<p>El Gobierno Municipal implement\u00f3 una estrategia integral de manejo de residuos con cinco centros de acopio para materiales peligrosos, electr\u00f3nicos, reciclables y voluminosos, buscando proteger la salud p\u00fablica y reducir el impacto ambiental.<\/p>\n\n\n\n<h3 class=\"wp-block-heading\"><strong>Centros clave y horarios:<\/strong><\/h3>\n\n\n\n<p><strong>1. Residuos Peligrosos\/Electr\u00f3nicos<\/strong><br><em>Manuel \u00c1vila Camacho (costado Seguridad P\u00fablica &#8211; Col. La Fe)<\/em><br>Lunes a viernes: 8:00 &#8211; 15:30 hrs<br>\u2705\u00a0<strong>Acepta:<\/strong><\/p>\n\n\n\n<ul class=\"wp-block-list\">\n<li>Pilas\/bater\u00edas &#8211; Aceites usados<\/li>\n\n\n\n<li>Medicamentos caducos &#8211; Pinturas<\/li>\n\n\n\n<li>L\u00e1mparas fluorescentes &#8211; Electr\u00f3nicos<\/li>\n\n\n\n<li>Filtros contaminados &#8211; Qu\u00edmicos<\/li>\n<\/ul>\n\n\n\n<p><strong>2. Centros de Transferencia (4 ubicaciones)<\/strong><br><em>Eva S\u00e1mano #235, Parque Polvo Enamorado, Prometeo, Km 10 Camposanto<\/em><br>Lunes a s\u00e1bado: 8:00 &#8211; 18:00 hrs<br><strong>Acepta:<\/strong><\/p>\n\n\n\n<ul class=\"wp-block-list\">\n<li>Muebles &#8211; Residuos de jardiner\u00eda<\/li>\n\n\n\n<li>Papel\/cart\u00f3n &#8211; Pl\u00e1sticos\/vidrio<\/li>\n\n\n\n<li>Org\u00e1nicos &#8211; Madera\/cuero<\/li>\n<\/ul>\n\n\n\n<h3 class=\"wp-block-heading\"><strong>Declaraci\u00f3n central:<\/strong><\/h3>\n\n\n\n<blockquote class=\"wp-block-quote is-layout-flow wp-block-quote-is-layout-flow\">\n<p><em>&#8220;Un Nuevo Laredo limpio se construye entre todos. Separar residuos y usar los centros mejora nuestro ambiente y calidad de vida&#8221;<\/em><br><strong>\u2014 Carmen Lilia Canturosas<\/strong>, Presidenta Municipal<\/p>\n<\/blockquote>\n\n\n\n<h3 class=\"wp-block-heading\">\u26a0\ufe0f&nbsp;<strong>Nota importante:<\/strong><\/h3>\n\n\n\n<p>Empresas e industrias con residuos masivos deben contratar proveedores autorizados para disposici\u00f3n final.<\/p>\n\n\n\n<h3 class=\"wp-block-heading\"><strong>Impacto esperado:<\/strong><\/h3>\n\n\n\n<ul class=\"wp-block-list\">\n<li>Reducci\u00f3n de contaminaci\u00f3n de suelos y agua<\/li>\n\n\n\n<li>Disminuci\u00f3n de riesgos para la salud<\/li>\n\n\n\n<li>Fomento de econom\u00eda circular<\/li>\n\n\n\n<li>Participaci\u00f3n ciudadana en sustentabilidad<\/li>\n<\/ul>\n","protected":false},"excerpt":{"rendered":"<p>El Gobierno Municipal implement\u00f3 una estrategia integral de manejo de residuos con cinco centros de acopio para materiales peligrosos, electr\u00f3nicos, reciclables y voluminosos, buscando proteger la salud p\u00fablica y reducir el impacto ambiental. Centros clave y horarios: 1. Residuos Peligrosos\/Electr\u00f3nicosManuel \u00c1vila Camacho (costado Seguridad P\u00fablica &#8211; Col. La Fe)Lunes a viernes: 8:00 &#8211; 15:30 hrs\u2705\u00a0Acepta: [&hellip;]<\/p>\n","protected":false},"author":1,"featured_media":468,"comment_status":"open","ping_status":"open","sticky":false,"template":"","format":"standard","meta":{"om_disable_all_campaigns":false,"_monsterinsights_skip_tracking":false,"_monsterinsights_sitenote_active":false,"_monsterinsights_sitenote_note":"","_monsterinsights_sitenote_category":0,"footnotes":""},"categories":[1],"tags":[162,21,161,12],"class_list":["post-467","post","type-post","status-publish","format-standard","has-post-thumbnail","hentry","category-region","tag-manejo-de-residuos","tag-nuevo-laredo","tag-sustentabilidad","tag-tamaulipas"],"aioseo_notices":[],"_links":{"self":[{"href":"https:\/\/contenidos.mx\/index.php?rest_route=\/wp\/v2\/posts\/467","targetHints":{"allow":["GET"]}}],"collection":[{"href":"https:\/\/contenidos.mx\/index.php?rest_route=\/wp\/v2\/posts"}],"about":[{"href":"https:\/\/contenidos.mx\/index.php?rest_route=\/wp\/v2\/types\/post"}],"author":[{"embeddable":true,"href":"https:\/\/contenidos.mx\/index.php?rest_route=\/wp\/v2\/users\/1"}],"replies":[{"embeddable":true,"href":"https:\/\/contenidos.mx\/index.php?rest_route=%2Fwp%2Fv2%2Fcomments&post=467"}],"version-history":[{"count":1,"href":"https:\/\/contenidos.mx\/index.php?rest_route=\/wp\/v2\/posts\/467\/revisions"}],"predecessor-version":[{"id":469,"href":"https:\/\/contenidos.mx\/index.php?rest_route=\/wp\/v2\/posts\/467\/revisions\/469"}],"wp:featuredmedia":[{"embeddable":true,"href":"https:\/\/contenidos.mx\/index.php?rest_route=\/wp\/v2\/media\/468"}],"wp:attachment":[{"href":"https:\/\/contenidos.mx\/index.php?rest_route=%2Fwp%2Fv2%2Fmedia&parent=467"}],"wp:term":[{"taxonomy":"category","embeddable":true,"href":"https:\/\/contenidos.mx\/index.php?rest_route=%2Fwp%2Fv2%2Fcategories&post=467"},{"taxonomy":"post_tag","embeddable":true,"href":"https:\/\/contenidos.mx\/index.php?rest_route=%2Fwp%2Fv2%2Ftags&post=467"}],"curies":[{"name":"wp","href":"https:\/\/api.w.org\/{rel}","templated":true}]}}