{"id":471,"date":"2025-07-30T22:43:45","date_gmt":"2025-07-30T22:43:45","guid":{"rendered":"https:\/\/contenidos.mx\/?p=471"},"modified":"2025-07-30T22:43:46","modified_gmt":"2025-07-30T22:43:46","slug":"canicula-2025-analisis-de-los-factores-que-atenuaron-el-fenomeno-en-mexico","status":"publish","type":"post","link":"https:\/\/contenidos.mx\/?p=471","title":{"rendered":"Can\u00edcula 2025: An\u00e1lisis de los factores que atenuaron el fen\u00f3meno en M\u00e9xico"},"content":{"rendered":"\n<p>La Can\u00edcula 2025 present\u00f3 caracter\u00edsticas at\u00edpicas que redujeron su intensidad tradicional, seg\u00fan estudios del Servicio Meteorol\u00f3gico Nacional (SMN) y el Centro de Ciencias de la Atm\u00f3sfera de la UNAM.<\/p>\n\n\n\n<h3 class=\"wp-block-heading\">\u2753&nbsp;<strong>\u00bfPor qu\u00e9 fue menos intensa?<\/strong><\/h3>\n\n\n\n<p>Expertos identificaron cuatro factores clave en la Can\u00edcula 2025:<\/p>\n\n\n\n<p>\u2714\ufe0f&nbsp;<strong>Lluvias inesperadas:<\/strong><\/p>\n\n\n\n<ul class=\"wp-block-list\">\n<li>Precipitaciones fuera de temporada en diversas regiones<\/li>\n\n\n\n<li>Reducci\u00f3n de la sensaci\u00f3n t\u00e9rmica y refrescamiento temporal<\/li>\n<\/ul>\n\n\n\n<p>\u2714\ufe0f&nbsp;<strong>Interferencia atmosf\u00e9rica:<\/strong><\/p>\n\n\n\n<ul class=\"wp-block-list\">\n<li>Sistemas de baja presi\u00f3n y ondas tropicales inusuales<\/li>\n\n\n\n<li>Interrupci\u00f3n del sistema de alta presi\u00f3n t\u00edpico canicular<\/li>\n\n\n\n<li>Mayor nubosidad y humedad ambiental<\/li>\n<\/ul>\n\n\n\n<p>\u2714\ufe0f&nbsp;<strong>Condiciones oce\u00e1nicas neutrales:<\/strong><\/p>\n\n\n\n<ul class=\"wp-block-list\">\n<li>Ausencia de fen\u00f3menos El Ni\u00f1o\/La Ni\u00f1a en el Pac\u00edfico<\/li>\n\n\n\n<li>Temperaturas mar\u00edtimas dentro de par\u00e1metros promedio<\/li>\n<\/ul>\n\n\n\n<p>\u2714\ufe0f&nbsp;<strong>Contexto clim\u00e1tico hist\u00f3rico:<\/strong><\/p>\n\n\n\n<ul class=\"wp-block-list\">\n<li>Comparaci\u00f3n con olas de calor extremo en a\u00f1os anteriores<\/li>\n\n\n\n<li>Percepci\u00f3n social de &#8220;alivio&#8221; relativo<\/li>\n<\/ul>\n\n\n\n<h3 class=\"wp-block-heading\">\ud83d\udcca&nbsp;<strong>Impacto comparativo<\/strong><\/h3>\n\n\n\n<figure class=\"wp-block-table\"><table class=\"has-fixed-layout\"><thead><tr><th>Par\u00e1metro<\/th><th>Can\u00edcula t\u00edpica<\/th><th>Can\u00edcula 2025<\/th><\/tr><\/thead><tbody><tr><td>Temperaturas m\u00e1x<\/td><td>Extremas (&gt;40\u00b0C)<\/td><td>Moderadas (35-38\u00b0C)<\/td><\/tr><tr><td>D\u00edas sin lluvia<\/td><td>30-40 d\u00edas<\/td><td>15-25 d\u00edas<\/td><\/tr><tr><td>Nubosidad<\/td><td>M\u00ednima<\/td><td>Media-Alta<\/td><\/tr><\/tbody><\/table><\/figure>\n\n\n\n<h3 class=\"wp-block-heading\">\ud83c\udf0d&nbsp;<strong>Base cient\u00edfica<\/strong><\/h3>\n\n\n\n<ul class=\"wp-block-list\">\n<li>Monitoreo constante del SMN<\/li>\n\n\n\n<li>Modelos clim\u00e1ticos de la UNAM<\/li>\n\n\n\n<li>Reportes globales de la OMM<\/li>\n<\/ul>\n\n\n\n<blockquote class=\"wp-block-quote is-layout-flow wp-block-quote-is-layout-flow\">\n<p><em>&#8220;La combinaci\u00f3n de estos elementos naturales cre\u00f3 un escenario at\u00edpico que amortigu\u00f3 los efectos tradicionales de la can\u00edcula&#8221;<\/em><br><strong>\u2014 Dr. Alejandro Jaramillo, Centro de Ciencias de la Atm\u00f3sfera UNAM<\/strong><\/p>\n<\/blockquote>\n","protected":false},"excerpt":{"rendered":"<p>La Can\u00edcula 2025 present\u00f3 caracter\u00edsticas at\u00edpicas que redujeron su intensidad tradicional, seg\u00fan estudios del Servicio Meteorol\u00f3gico Nacional (SMN) y el Centro de Ciencias de la Atm\u00f3sfera de la UNAM. \u2753&nbsp;\u00bfPor qu\u00e9 fue menos intensa? Expertos identificaron cuatro factores clave en la Can\u00edcula 2025: \u2714\ufe0f&nbsp;Lluvias inesperadas: \u2714\ufe0f&nbsp;Interferencia atmosf\u00e9rica: \u2714\ufe0f&nbsp;Condiciones oce\u00e1nicas neutrales: \u2714\ufe0f&nbsp;Contexto clim\u00e1tico hist\u00f3rico: \ud83d\udcca&nbsp;Impacto comparativo [&hellip;]<\/p>\n","protected":false},"author":1,"featured_media":472,"comment_status":"open","ping_status":"open","sticky":false,"template":"","format":"standard","meta":{"om_disable_all_campaigns":false,"_monsterinsights_skip_tracking":false,"_monsterinsights_sitenote_active":false,"_monsterinsights_sitenote_note":"","_monsterinsights_sitenote_category":0,"footnotes":""},"categories":[96,8,1],"tags":[165,164,163,12],"class_list":["post-471","post","type-post","status-publish","format-standard","has-post-thumbnail","hentry","category-cosas-que-sucede-curiosidades-y-novedades","category-nacional","category-region","tag-canicula","tag-canicula-2025","tag-mexico-2","tag-tamaulipas"],"aioseo_notices":[],"_links":{"self":[{"href":"https:\/\/contenidos.mx\/index.php?rest_route=\/wp\/v2\/posts\/471","targetHints":{"allow":["GET"]}}],"collection":[{"href":"https:\/\/contenidos.mx\/index.php?rest_route=\/wp\/v2\/posts"}],"about":[{"href":"https:\/\/contenidos.mx\/index.php?rest_route=\/wp\/v2\/types\/post"}],"author":[{"embeddable":true,"href":"https:\/\/contenidos.mx\/index.php?rest_route=\/wp\/v2\/users\/1"}],"replies":[{"embeddable":true,"href":"https:\/\/contenidos.mx\/index.php?rest_route=%2Fwp%2Fv2%2Fcomments&post=471"}],"version-history":[{"count":1,"href":"https:\/\/contenidos.mx\/index.php?rest_route=\/wp\/v2\/posts\/471\/revisions"}],"predecessor-version":[{"id":473,"href":"https:\/\/contenidos.mx\/index.php?rest_route=\/wp\/v2\/posts\/471\/revisions\/473"}],"wp:featuredmedia":[{"embeddable":true,"href":"https:\/\/contenidos.mx\/index.php?rest_route=\/wp\/v2\/media\/472"}],"wp:attachment":[{"href":"https:\/\/contenidos.mx\/index.php?rest_route=%2Fwp%2Fv2%2Fmedia&parent=471"}],"wp:term":[{"taxonomy":"category","embeddable":true,"href":"https:\/\/contenidos.mx\/index.php?rest_route=%2Fwp%2Fv2%2Fcategories&post=471"},{"taxonomy":"post_tag","embeddable":true,"href":"https:\/\/contenidos.mx\/index.php?rest_route=%2Fwp%2Fv2%2Ftags&post=471"}],"curies":[{"name":"wp","href":"https:\/\/api.w.org\/{rel}","templated":true}]}}