{"id":491,"date":"2025-08-09T16:44:24","date_gmt":"2025-08-09T16:44:24","guid":{"rendered":"https:\/\/contenidos.mx\/?p=491"},"modified":"2025-08-09T16:44:25","modified_gmt":"2025-08-09T16:44:25","slug":"inauguran-espacio-cultural-y-artistico-en-el-parque-viveros-con-ambiente-festivo","status":"publish","type":"post","link":"https:\/\/contenidos.mx\/?p=491","title":{"rendered":"Inauguran Espacio Cultural y Art\u00edstico en el Parque Viveros con Ambiente Festivo"},"content":{"rendered":"\n<p>En un ambiente de alegr\u00eda y convivencia familiar, la&nbsp;<strong>presidenta municipal Carmen Lilia Canturosas Villarreal<\/strong>&nbsp;inaugur\u00f3 oficialmente el renovado&nbsp;<strong>Espacio Cultural y Art\u00edstico del Parque Viveros<\/strong>, como parte de la remodelaci\u00f3n integral de este emblem\u00e1tico pulm\u00f3n verde de la ciudad.<\/p>\n\n\n\n<p>El evento, que reuni\u00f3 a cientos de familias, estuvo acompa\u00f1ado de&nbsp;<strong>picnics, shows infantiles, m\u00fasica y baile<\/strong>, creando un ambiente festivo para celebrar la apertura de este nuevo espacio.<\/p>\n\n\n\n<p><strong>Un Lugar para la Cultura y la Recreaci\u00f3n<\/strong><br>El nuevo espacio cuenta con:<br><strong>Auditorio al aire libre<\/strong>\u00a0para presentaciones art\u00edsticas y culturales.<br><strong>Pasto sint\u00e9tico<\/strong>\u00a0que permitir\u00e1 actividades recreativas sin da\u00f1ar el medio ambiente.<br><strong>\u00c1reas dise\u00f1adas para la convivencia familiar<\/strong>\u00a0y la realizaci\u00f3n de eventos comunitarios.<\/p>\n\n\n\n<p>Con esta inauguraci\u00f3n, el&nbsp;<strong>Parque Viveros<\/strong>&nbsp;se consolida como un punto de encuentro para vecinos y visitantes, fortaleciendo la oferta cultural y de esparcimiento en la ciudad.<\/p>\n\n\n\n<p><strong>Compromiso con la Comunidad<\/strong><br>Durante su intervenci\u00f3n, la alcaldesa&nbsp;<strong>Carmen Lilia Canturosas<\/strong>&nbsp;destac\u00f3 que este proyecto refleja el compromiso de su administraci\u00f3n con el&nbsp;<strong>desarrollo cultural, la recreaci\u00f3n familiar y la revitalizaci\u00f3n de espacios p\u00fablicos<\/strong>.<\/p>\n\n\n\n<p>&#8220;Queremos que las familias tengan lugares dignos para disfrutar del arte, la cultura y la naturaleza. Este espacio es para todos&#8221;, afirm\u00f3.<\/p>\n\n\n\n<figure class=\"wp-block-gallery has-nested-images columns-default is-cropped wp-block-gallery-1 is-layout-flex wp-block-gallery-is-layout-flex\">\n<figure class=\"wp-block-image size-large\"><img loading=\"lazy\" decoding=\"async\" width=\"600\" height=\"401\" data-id=\"496\" src=\"https:\/\/contenidos.mx\/wp-content\/uploads\/2025\/08\/ESPACIO-CULTURAL-05-600x401.jpg\" alt=\"\" class=\"wp-image-496\" srcset=\"https:\/\/contenidos.mx\/wp-content\/uploads\/2025\/08\/ESPACIO-CULTURAL-05-600x401.jpg 600w, https:\/\/contenidos.mx\/wp-content\/uploads\/2025\/08\/ESPACIO-CULTURAL-05-300x201.jpg 300w, https:\/\/contenidos.mx\/wp-content\/uploads\/2025\/08\/ESPACIO-CULTURAL-05-768x514.jpg 768w, https:\/\/contenidos.mx\/wp-content\/uploads\/2025\/08\/ESPACIO-CULTURAL-05.jpg 1280w\" sizes=\"auto, (max-width: 600px) 100vw, 600px\" \/><\/figure>\n\n\n\n<figure class=\"wp-block-image size-large\"><img loading=\"lazy\" decoding=\"async\" width=\"600\" height=\"450\" data-id=\"495\" src=\"https:\/\/contenidos.mx\/wp-content\/uploads\/2025\/08\/ESPACIO-CULTURAL-04-600x450.jpg\" alt=\"\" class=\"wp-image-495\" srcset=\"https:\/\/contenidos.mx\/wp-content\/uploads\/2025\/08\/ESPACIO-CULTURAL-04-600x450.jpg 600w, https:\/\/contenidos.mx\/wp-content\/uploads\/2025\/08\/ESPACIO-CULTURAL-04-300x225.jpg 300w, https:\/\/contenidos.mx\/wp-content\/uploads\/2025\/08\/ESPACIO-CULTURAL-04-768x576.jpg 768w, https:\/\/contenidos.mx\/wp-content\/uploads\/2025\/08\/ESPACIO-CULTURAL-04.jpg 1280w\" sizes=\"auto, (max-width: 600px) 100vw, 600px\" \/><\/figure>\n\n\n\n<figure class=\"wp-block-image size-large\"><img loading=\"lazy\" decoding=\"async\" width=\"600\" height=\"401\" data-id=\"494\" src=\"https:\/\/contenidos.mx\/wp-content\/uploads\/2025\/08\/ESPACIO-CULTURAL-03-600x401.jpg\" alt=\"\" class=\"wp-image-494\" srcset=\"https:\/\/contenidos.mx\/wp-content\/uploads\/2025\/08\/ESPACIO-CULTURAL-03-600x401.jpg 600w, https:\/\/contenidos.mx\/wp-content\/uploads\/2025\/08\/ESPACIO-CULTURAL-03-300x201.jpg 300w, https:\/\/contenidos.mx\/wp-content\/uploads\/2025\/08\/ESPACIO-CULTURAL-03-768x514.jpg 768w, https:\/\/contenidos.mx\/wp-content\/uploads\/2025\/08\/ESPACIO-CULTURAL-03.jpg 1280w\" sizes=\"auto, (max-width: 600px) 100vw, 600px\" \/><\/figure>\n\n\n\n<figure class=\"wp-block-image size-large\"><img loading=\"lazy\" decoding=\"async\" width=\"600\" height=\"401\" data-id=\"493\" src=\"https:\/\/contenidos.mx\/wp-content\/uploads\/2025\/08\/ESPACIO-CULTURAL-02-600x401.jpg\" alt=\"\" class=\"wp-image-493\" srcset=\"https:\/\/contenidos.mx\/wp-content\/uploads\/2025\/08\/ESPACIO-CULTURAL-02-600x401.jpg 600w, https:\/\/contenidos.mx\/wp-content\/uploads\/2025\/08\/ESPACIO-CULTURAL-02-300x201.jpg 300w, https:\/\/contenidos.mx\/wp-content\/uploads\/2025\/08\/ESPACIO-CULTURAL-02-768x514.jpg 768w, https:\/\/contenidos.mx\/wp-content\/uploads\/2025\/08\/ESPACIO-CULTURAL-02.jpg 1280w\" sizes=\"auto, (max-width: 600px) 100vw, 600px\" \/><\/figure>\n<\/figure>\n","protected":false},"excerpt":{"rendered":"<p>En un ambiente de alegr\u00eda y convivencia familiar, la&nbsp;presidenta municipal Carmen Lilia Canturosas Villarreal&nbsp;inaugur\u00f3 oficialmente el renovado&nbsp;Espacio Cultural y Art\u00edstico del Parque Viveros, como parte de la remodelaci\u00f3n integral de este emblem\u00e1tico pulm\u00f3n verde de la ciudad. El evento, que reuni\u00f3 a cientos de familias, estuvo acompa\u00f1ado de&nbsp;picnics, shows infantiles, m\u00fasica y baile, creando un [&hellip;]<\/p>\n","protected":false},"author":1,"featured_media":492,"comment_status":"open","ping_status":"open","sticky":false,"template":"","format":"standard","meta":{"om_disable_all_campaigns":false,"_monsterinsights_skip_tracking":false,"_monsterinsights_sitenote_active":false,"_monsterinsights_sitenote_note":"","_monsterinsights_sitenote_category":0,"footnotes":""},"categories":[1],"tags":[173,172,21],"class_list":["post-491","post","type-post","status-publish","format-standard","has-post-thumbnail","hentry","category-region","tag-carmen-lilia-canturosas","tag-espacios-culturales","tag-nuevo-laredo"],"aioseo_notices":[],"_links":{"self":[{"href":"https:\/\/contenidos.mx\/index.php?rest_route=\/wp\/v2\/posts\/491","targetHints":{"allow":["GET"]}}],"collection":[{"href":"https:\/\/contenidos.mx\/index.php?rest_route=\/wp\/v2\/posts"}],"about":[{"href":"https:\/\/contenidos.mx\/index.php?rest_route=\/wp\/v2\/types\/post"}],"author":[{"embeddable":true,"href":"https:\/\/contenidos.mx\/index.php?rest_route=\/wp\/v2\/users\/1"}],"replies":[{"embeddable":true,"href":"https:\/\/contenidos.mx\/index.php?rest_route=%2Fwp%2Fv2%2Fcomments&post=491"}],"version-history":[{"count":1,"href":"https:\/\/contenidos.mx\/index.php?rest_route=\/wp\/v2\/posts\/491\/revisions"}],"predecessor-version":[{"id":497,"href":"https:\/\/contenidos.mx\/index.php?rest_route=\/wp\/v2\/posts\/491\/revisions\/497"}],"wp:featuredmedia":[{"embeddable":true,"href":"https:\/\/contenidos.mx\/index.php?rest_route=\/wp\/v2\/media\/492"}],"wp:attachment":[{"href":"https:\/\/contenidos.mx\/index.php?rest_route=%2Fwp%2Fv2%2Fmedia&parent=491"}],"wp:term":[{"taxonomy":"category","embeddable":true,"href":"https:\/\/contenidos.mx\/index.php?rest_route=%2Fwp%2Fv2%2Fcategories&post=491"},{"taxonomy":"post_tag","embeddable":true,"href":"https:\/\/contenidos.mx\/index.php?rest_route=%2Fwp%2Fv2%2Ftags&post=491"}],"curies":[{"name":"wp","href":"https:\/\/api.w.org\/{rel}","templated":true}]}}