{"id":501,"date":"2025-08-10T17:32:41","date_gmt":"2025-08-10T17:32:41","guid":{"rendered":"https:\/\/contenidos.mx\/?p=501"},"modified":"2025-08-10T17:32:41","modified_gmt":"2025-08-10T17:32:41","slug":"que-clima-nos-espera-en-tamaulipas-del-12-al-18-de-agosto","status":"publish","type":"post","link":"https:\/\/contenidos.mx\/?p=501","title":{"rendered":"\u00bfQu\u00e9 clima nos espera en Tamaulipas del 12 al 18 de agosto?"},"content":{"rendered":"\n<h3 class=\"wp-block-heading\"><strong>Condiciones generales en Tamaulipas<\/strong><\/h3>\n\n\n\n<p>Durante la pr\u00f3xima semana, el clima en Tamaulipas ser\u00e1 variable, marcado por altas temperaturas, humedad persistente y la posible reactivaci\u00f3n de lluvias hacia finales de agosto, seg\u00fan pron\u00f3sticos recientes<\/p>\n\n\n\n<p><strong>Pron\u00f3stico por ciudades<\/strong>:<\/p>\n\n\n\n<ol start=\"1\" class=\"wp-block-list\">\n<li><strong>Tampico<\/strong>\n<ul class=\"wp-block-list\">\n<li><strong>Temperaturas<\/strong>: M\u00e1ximas de 35-38\u00b0C y m\u00ednimas de 26-28\u00b0C, con sensaci\u00f3n t\u00e9rmica elevada debido a la humedad del Golfo de M\u00e9xico.<\/li>\n\n\n\n<li><strong>Lluvias<\/strong>: Probabilidad baja (17-24%) los primeros d\u00edas, pero aumentando hacia el 17-18 de agosto, con chubascos dispersos.<\/li>\n\n\n\n<li><strong>Particularidad<\/strong>: Combinaci\u00f3n de calor y humedad, t\u00edpica de la zona costera.<\/li>\n<\/ul>\n<\/li>\n\n\n\n<li><strong>Reynosa<\/strong>\n<ul class=\"wp-block-list\">\n<li><strong>Temperaturas<\/strong>: M\u00e1ximas de 37-40\u00b0C y m\u00ednimas de 25-26\u00b0C, con sensaci\u00f3n t\u00e9rmica cercana a los 42\u00b0C.<\/li>\n\n\n\n<li><strong>Lluvias<\/strong>: Escasas (menos del 20%), aunque podr\u00edan registrar lloviznas aisladas hacia el fin de semana.<\/li>\n\n\n\n<li><strong>Particularidad<\/strong>: Ola de calor persistente, recomendaciones de hidrataci\u00f3n y evitar exposici\u00f3n prolongada al sol.<\/li>\n<\/ul>\n<\/li>\n\n\n\n<li><strong>Matamoros<\/strong>\n<ul class=\"wp-block-list\">\n<li><strong>Temperaturas<\/strong>: Similares a Reynosa, con m\u00e1ximas de 36-39\u00b0C.<\/li>\n\n\n\n<li><strong>Lluvias<\/strong>: Baja probabilidad, pero con posibles tormentas el\u00e9ctricas breves, especialmente en horarios vespertinos.<\/li>\n\n\n\n<li><strong>Particularidad<\/strong>: Vientos moderados (11-20 km\/h) que podr\u00edan incrementar la sensaci\u00f3n de bochorno.<\/li>\n<\/ul>\n<\/li>\n\n\n\n<li><strong>Ciudad Victoria<\/strong>\n<ul class=\"wp-block-list\">\n<li><strong>Temperaturas<\/strong>: M\u00e1ximas de 34-37\u00b0C y m\u00ednimas de 22-24\u00b0C.<\/li>\n\n\n\n<li><strong>Lluvias<\/strong>: Intervalos de chubascos (5-25 mm) a partir del 15 de agosto, con posibles descargas el\u00e9ctricas.<\/li>\n\n\n\n<li><strong>Particularidad<\/strong>: Mayor variabilidad clim\u00e1tica por su ubicaci\u00f3n geogr\u00e1fica.<\/li>\n<\/ul>\n<\/li>\n\n\n\n<li><strong>Zona Sur<\/strong>\n<ul class=\"wp-block-list\">\n<li><strong>Temperaturas<\/strong>: M\u00e1ximas de 30\u00b0C y m\u00ednimas de 22\u00b0C.<\/li>\n\n\n\n<li><strong>Lluvias<\/strong>: Chubascos leves (1-2 mm) previstos para el 13-14 de agosto, con humedad del 63-99%.<\/li>\n<\/ul>\n<\/li>\n<\/ol>\n\n\n\n<h3 class=\"wp-block-heading\"><strong>Recomendaciones<\/strong><\/h3>\n\n\n\n<ul class=\"wp-block-list\">\n<li><strong>Prevenci\u00f3n de golpe de calor<\/strong>: Evitar actividades al aire libre entre 11:00 y 16:00 horas, especialmente en Reynosa y Tampico.<\/li>\n\n\n\n<li><strong>Preparaci\u00f3n para lluvias<\/strong>: Aunque las precipitaciones ser\u00e1n espor\u00e1dicas, se aconseja monitorear alertas por posibles inundaciones repentinas en zonas bajas.<\/li>\n\n\n\n<li><strong>Protecci\u00f3n para grupos vulnerables<\/strong>: Adultos mayores y ni\u00f1os deben usar ropa ligera pero cubierta y mantenerse hidratados.<\/li>\n<\/ul>\n\n\n\n<hr class=\"wp-block-separator has-alpha-channel-opacity\"\/>\n\n\n\n<h3 class=\"wp-block-heading\"><strong>Perspectiva a largo plazo<\/strong><\/h3>\n\n\n\n<p>Las lluvias podr\u00edan intensificarse a partir del 20 de agosto, coincidiendo con la activaci\u00f3n del Golfo de M\u00e9xico, lo que aliviar\u00eda la sequ\u00eda en algunas regiones.<\/p>\n\n\n\n<p><strong>Fuentes<\/strong>: Servicio Meteorol\u00f3gico Nacional, Meteo Alert, y reportes locales.<\/p>\n\n\n\n<hr class=\"wp-block-separator has-alpha-channel-opacity\"\/>\n\n\n\n<p><strong>\u00bfTe fue \u00fatil esta informaci\u00f3n?<\/strong>&nbsp;Comparte y etiqueta a quienes viajar\u00e1n por Tamaulipas esta semana. \ud83c\udf26\ufe0f #ClimaTamaulipas #Agosto2025 #Prevenci\u00f3nClim\u00e1tica<\/p>\n\n\n\n<p><em>Nota: Para datos hora por hora, consulta\u00a0<a href=\"https:\/\/www.climamexico.mx\/\" target=\"_blank\" rel=\"noreferrer noopener\">ClimaMexico.mx<\/a> .<\/em><\/p>\n","protected":false},"excerpt":{"rendered":"<p>Condiciones generales en Tamaulipas Durante la pr\u00f3xima semana, el clima en Tamaulipas ser\u00e1 variable, marcado por altas temperaturas, humedad persistente y la posible reactivaci\u00f3n de lluvias hacia finales de agosto, seg\u00fan pron\u00f3sticos recientes Pron\u00f3stico por ciudades: Recomendaciones Perspectiva a largo plazo Las lluvias podr\u00edan intensificarse a partir del 20 de agosto, coincidiendo con la activaci\u00f3n [&hellip;]<\/p>\n","protected":false},"author":1,"featured_media":502,"comment_status":"open","ping_status":"open","sticky":false,"template":"","format":"standard","meta":{"om_disable_all_campaigns":false,"_monsterinsights_skip_tracking":false,"_monsterinsights_sitenote_active":false,"_monsterinsights_sitenote_note":"","_monsterinsights_sitenote_category":0,"footnotes":""},"categories":[1],"tags":[44,179,178,12],"class_list":["post-501","post","type-post","status-publish","format-standard","has-post-thumbnail","hentry","category-region","tag-clima","tag-clima-en-tamaulipas","tag-condiciones-meteorologicas","tag-tamaulipas"],"aioseo_notices":[],"_links":{"self":[{"href":"https:\/\/contenidos.mx\/index.php?rest_route=\/wp\/v2\/posts\/501","targetHints":{"allow":["GET"]}}],"collection":[{"href":"https:\/\/contenidos.mx\/index.php?rest_route=\/wp\/v2\/posts"}],"about":[{"href":"https:\/\/contenidos.mx\/index.php?rest_route=\/wp\/v2\/types\/post"}],"author":[{"embeddable":true,"href":"https:\/\/contenidos.mx\/index.php?rest_route=\/wp\/v2\/users\/1"}],"replies":[{"embeddable":true,"href":"https:\/\/contenidos.mx\/index.php?rest_route=%2Fwp%2Fv2%2Fcomments&post=501"}],"version-history":[{"count":1,"href":"https:\/\/contenidos.mx\/index.php?rest_route=\/wp\/v2\/posts\/501\/revisions"}],"predecessor-version":[{"id":503,"href":"https:\/\/contenidos.mx\/index.php?rest_route=\/wp\/v2\/posts\/501\/revisions\/503"}],"wp:featuredmedia":[{"embeddable":true,"href":"https:\/\/contenidos.mx\/index.php?rest_route=\/wp\/v2\/media\/502"}],"wp:attachment":[{"href":"https:\/\/contenidos.mx\/index.php?rest_route=%2Fwp%2Fv2%2Fmedia&parent=501"}],"wp:term":[{"taxonomy":"category","embeddable":true,"href":"https:\/\/contenidos.mx\/index.php?rest_route=%2Fwp%2Fv2%2Fcategories&post=501"},{"taxonomy":"post_tag","embeddable":true,"href":"https:\/\/contenidos.mx\/index.php?rest_route=%2Fwp%2Fv2%2Ftags&post=501"}],"curies":[{"name":"wp","href":"https:\/\/api.w.org\/{rel}","templated":true}]}}