{"id":508,"date":"2025-08-12T03:23:46","date_gmt":"2025-08-12T03:23:46","guid":{"rendered":"https:\/\/contenidos.mx\/?p=508"},"modified":"2025-08-12T03:23:46","modified_gmt":"2025-08-12T03:23:46","slug":"nuevo-laredo-condona-100-de-recargos-del-predial-en-agosto-para-apoyar-economia-familiar","status":"publish","type":"post","link":"https:\/\/contenidos.mx\/?p=508","title":{"rendered":"Nuevo Laredo condona 100% de recargos del predial en agosto para apoyar econom\u00eda familiar"},"content":{"rendered":"\n<p>En un esfuerzo por\u00a0<strong>apoyar la econom\u00eda de las familias<\/strong>\u00a0y\u00a0<strong>fomentar el pago oportuno<\/strong>, el\u00a0<strong>Cabildo de Nuevo Laredo<\/strong>\u00a0<strong>condona 100% de recargos<\/strong>\u00a0del predial durante\u00a0<strong>todo agosto<\/strong> aprobado por\u00a0<strong>unanimidad<\/strong>. Esta medida forma parte de una estrategia permanente de la administraci\u00f3n municipal para\u00a0<strong>fortalecer la recaudaci\u00f3n<\/strong>\u00a0y\u00a0<strong>destinar m\u00e1s recursos a obras y servicios p\u00fablicos<\/strong>.<\/p>\n\n\n\n<p><strong>Beneficios clave:<\/strong><br><strong>Condonaci\u00f3n total de recargos<\/strong>\u00a0en pagos de predial durante agosto.<br><strong>Incentivo al pago oportuno<\/strong>, mejorando la recaudaci\u00f3n municipal.<br><strong>M\u00e1s recursos para obras p\u00fablicas<\/strong>, infraestructura y servicios.<\/p>\n\n\n\n<p><strong>Declaraciones oficiales:<\/strong><br>La\u00a0<strong>presidenta municipal, Carmen Lilia Canturosas Villarreal<\/strong>, destac\u00f3 que estas campa\u00f1as han tenido una\u00a0<strong>alta respuesta ciudadana<\/strong>:<br><em>&#8220;Gracias a estas acciones, cada vez m\u00e1s ciudadanos regularizan sus pagos, lo que fortalece la recaudaci\u00f3n y nos permite seguir transformando Nuevo Laredo con m\u00e1s obra p\u00fablica y mejores servicios&#8221;<\/em>.<\/p>\n\n\n\n<p><strong>Datos relevantes:<\/strong><\/p>\n\n\n\n<ul class=\"wp-block-list\">\n<li>En\u00a0<strong>2025<\/strong>, se han recaudado\u00a0<strong>$126 millones<\/strong>\u00a0por predial, un\u00a0<strong>15% m\u00e1s<\/strong>\u00a0que en el mismo periodo de 2024.<\/li>\n\n\n\n<li>M\u00e1s de\u00a0<strong>86,000 cuentas<\/strong>\u00a0han sido pagadas, reflejando una mayor participaci\u00f3n ciudadana.<\/li>\n\n\n\n<li>La medida tambi\u00e9n\u00a0<strong>aumenta las participaciones federales<\/strong>, permitiendo atender rezagos y mejorar servicios.<\/li>\n<\/ul>\n\n\n\n<p><strong>Compromiso municipal:<\/strong><br>El gobierno reiter\u00f3 su\u00a0<strong>compromiso con el desarrollo de Nuevo Laredo<\/strong>\u00a0e invit\u00f3 a los contribuyentes a\u00a0<strong>aprovechar este beneficio<\/strong>\u00a0en agosto para\u00a0<strong>regularizar sus pagos<\/strong>\u00a0y contribuir al bienestar colectivo.<\/p>\n","protected":false},"excerpt":{"rendered":"<p>En un esfuerzo por\u00a0apoyar la econom\u00eda de las familias\u00a0y\u00a0fomentar el pago oportuno, el\u00a0Cabildo de Nuevo Laredo\u00a0condona 100% de recargos\u00a0del predial durante\u00a0todo agosto aprobado por\u00a0unanimidad. Esta medida forma parte de una estrategia permanente de la administraci\u00f3n municipal para\u00a0fortalecer la recaudaci\u00f3n\u00a0y\u00a0destinar m\u00e1s recursos a obras y servicios p\u00fablicos. Beneficios clave:Condonaci\u00f3n total de recargos\u00a0en pagos de predial durante [&hellip;]<\/p>\n","protected":false},"author":1,"featured_media":509,"comment_status":"open","ping_status":"open","sticky":false,"template":"","format":"standard","meta":{"om_disable_all_campaigns":false,"_monsterinsights_skip_tracking":false,"_monsterinsights_sitenote_active":false,"_monsterinsights_sitenote_note":"","_monsterinsights_sitenote_category":0,"footnotes":""},"categories":[1],"tags":[183,21,182],"class_list":["post-508","post","type-post","status-publish","format-standard","has-post-thumbnail","hentry","category-region","tag-economia-familiar","tag-nuevo-laredo","tag-predial"],"aioseo_notices":[],"_links":{"self":[{"href":"https:\/\/contenidos.mx\/index.php?rest_route=\/wp\/v2\/posts\/508","targetHints":{"allow":["GET"]}}],"collection":[{"href":"https:\/\/contenidos.mx\/index.php?rest_route=\/wp\/v2\/posts"}],"about":[{"href":"https:\/\/contenidos.mx\/index.php?rest_route=\/wp\/v2\/types\/post"}],"author":[{"embeddable":true,"href":"https:\/\/contenidos.mx\/index.php?rest_route=\/wp\/v2\/users\/1"}],"replies":[{"embeddable":true,"href":"https:\/\/contenidos.mx\/index.php?rest_route=%2Fwp%2Fv2%2Fcomments&post=508"}],"version-history":[{"count":1,"href":"https:\/\/contenidos.mx\/index.php?rest_route=\/wp\/v2\/posts\/508\/revisions"}],"predecessor-version":[{"id":510,"href":"https:\/\/contenidos.mx\/index.php?rest_route=\/wp\/v2\/posts\/508\/revisions\/510"}],"wp:featuredmedia":[{"embeddable":true,"href":"https:\/\/contenidos.mx\/index.php?rest_route=\/wp\/v2\/media\/509"}],"wp:attachment":[{"href":"https:\/\/contenidos.mx\/index.php?rest_route=%2Fwp%2Fv2%2Fmedia&parent=508"}],"wp:term":[{"taxonomy":"category","embeddable":true,"href":"https:\/\/contenidos.mx\/index.php?rest_route=%2Fwp%2Fv2%2Fcategories&post=508"},{"taxonomy":"post_tag","embeddable":true,"href":"https:\/\/contenidos.mx\/index.php?rest_route=%2Fwp%2Fv2%2Ftags&post=508"}],"curies":[{"name":"wp","href":"https:\/\/api.w.org\/{rel}","templated":true}]}}