{"id":515,"date":"2025-08-12T20:51:20","date_gmt":"2025-08-12T20:51:20","guid":{"rendered":"https:\/\/contenidos.mx\/?p=515"},"modified":"2025-08-12T20:51:21","modified_gmt":"2025-08-12T20:51:21","slug":"tamaulipas-traslada-la-virgen-de-la-misericordia-a-el-chorrito-sera-la-escultura-mas-alta-de-mexico","status":"publish","type":"post","link":"https:\/\/contenidos.mx\/?p=515","title":{"rendered":"Tamaulipas traslada la Virgen de la Misericordia a El Chorrito: Ser\u00e1 la escultura m\u00e1s alta de M\u00e9xico"},"content":{"rendered":"\n<p><strong>Hidalgo, Tamaulipas.<\/strong>&nbsp;\u2014 En un esfuerzo por fortalecer el turismo religioso y la infraestructura cultural, el gobierno de Tamaulipas inici\u00f3 este lunes 11 de agosto el traslado de la&nbsp;<strong>Virgen de la Misericordia<\/strong>&nbsp;hacia su nuevo emplazamiento en&nbsp;<strong>El Chorrito<\/strong>, municipio de Hidalgo. Con una altura superior a los 30 metros, la escultura se convertir\u00e1 en&nbsp;<strong>la m\u00e1s grande de M\u00e9xico<\/strong>, posicion\u00e1ndose como un s\u00edmbolo de fe y un atractivo tur\u00edstico para la regi\u00f3n.<\/p>\n\n\n\n<p>El proyecto, coordinado por el\u00a0<strong>Instituto Tamaulipeco de Vivienda y Urbanismo (ITAVU)<\/strong>, ubica la imagen en una explanada de una hect\u00e1rea, rodeada de un entorno natural cercano a la ic\u00f3nica cascada del santuario. La obra de la Virgen de la Misericordia est\u00e1 a cargo de la reconocida escultora\u00a0<strong>Elizabeth Pesquera Caballero<\/strong>, quien dise\u00f1\u00f3 la estructura que albergar\u00e1 a la virgen.<\/p>\n\n\n\n<p>Adem\u00e1s de la escultura de la Virgen de la Misericordia, el plan incluye la construcci\u00f3n de una\u00a0<strong>plazoleta, un mirador, una zona comercial y un sistema de iluminaci\u00f3n<\/strong>, con el objetivo de ofrecer una experiencia integral a los visitantes.\u00a0<strong>Manuel Guillermo Trevi\u00f1o Cant\u00fa<\/strong>, director general del ITAVU, destac\u00f3 que la iniciativa no solo honra la devoci\u00f3n religiosa, sino que tambi\u00e9n busca\u00a0<strong>dinamizar la econom\u00eda local<\/strong>\u00a0y consolidar a El Chorrito como uno de los\u00a0<strong>principales destinos de turismo religioso en M\u00e9xico<\/strong>.<\/p>\n\n\n\n<p>El funcionario resalt\u00f3 que este proyecto es resultado de la colaboraci\u00f3n entre el&nbsp;<strong>gobierno estatal y la comunidad de Hidalgo<\/strong>, reforzando el compromiso de la administraci\u00f3n del&nbsp;<strong>gobernador Am\u00e9rico Villarreal Anaya<\/strong>&nbsp;con el desarrollo regional y la preservaci\u00f3n del patrimonio cultural y natural de Tamaulipas.<\/p>\n","protected":false},"excerpt":{"rendered":"<p>Hidalgo, Tamaulipas.&nbsp;\u2014 En un esfuerzo por fortalecer el turismo religioso y la infraestructura cultural, el gobierno de Tamaulipas inici\u00f3 este lunes 11 de agosto el traslado de la&nbsp;Virgen de la Misericordia&nbsp;hacia su nuevo emplazamiento en&nbsp;El Chorrito, municipio de Hidalgo. Con una altura superior a los 30 metros, la escultura se convertir\u00e1 en&nbsp;la m\u00e1s grande de [&hellip;]<\/p>\n","protected":false},"author":1,"featured_media":516,"comment_status":"open","ping_status":"open","sticky":false,"template":"","format":"standard","meta":{"om_disable_all_campaigns":false,"_monsterinsights_skip_tracking":false,"_monsterinsights_sitenote_active":false,"_monsterinsights_sitenote_note":"","_monsterinsights_sitenote_category":0,"footnotes":""},"categories":[1],"tags":[188,14,12,189,127],"class_list":["post-515","post","type-post","status-publish","format-standard","has-post-thumbnail","hentry","category-region","tag-el-chorrito","tag-gobierno-del-estado","tag-tamaulipas","tag-turismo-religioso","tag-turismo-tamaulipas"],"aioseo_notices":[],"_links":{"self":[{"href":"https:\/\/contenidos.mx\/index.php?rest_route=\/wp\/v2\/posts\/515","targetHints":{"allow":["GET"]}}],"collection":[{"href":"https:\/\/contenidos.mx\/index.php?rest_route=\/wp\/v2\/posts"}],"about":[{"href":"https:\/\/contenidos.mx\/index.php?rest_route=\/wp\/v2\/types\/post"}],"author":[{"embeddable":true,"href":"https:\/\/contenidos.mx\/index.php?rest_route=\/wp\/v2\/users\/1"}],"replies":[{"embeddable":true,"href":"https:\/\/contenidos.mx\/index.php?rest_route=%2Fwp%2Fv2%2Fcomments&post=515"}],"version-history":[{"count":1,"href":"https:\/\/contenidos.mx\/index.php?rest_route=\/wp\/v2\/posts\/515\/revisions"}],"predecessor-version":[{"id":517,"href":"https:\/\/contenidos.mx\/index.php?rest_route=\/wp\/v2\/posts\/515\/revisions\/517"}],"wp:featuredmedia":[{"embeddable":true,"href":"https:\/\/contenidos.mx\/index.php?rest_route=\/wp\/v2\/media\/516"}],"wp:attachment":[{"href":"https:\/\/contenidos.mx\/index.php?rest_route=%2Fwp%2Fv2%2Fmedia&parent=515"}],"wp:term":[{"taxonomy":"category","embeddable":true,"href":"https:\/\/contenidos.mx\/index.php?rest_route=%2Fwp%2Fv2%2Fcategories&post=515"},{"taxonomy":"post_tag","embeddable":true,"href":"https:\/\/contenidos.mx\/index.php?rest_route=%2Fwp%2Fv2%2Ftags&post=515"}],"curies":[{"name":"wp","href":"https:\/\/api.w.org\/{rel}","templated":true}]}}