{"id":518,"date":"2025-08-12T22:59:25","date_gmt":"2025-08-12T22:59:25","guid":{"rendered":"https:\/\/contenidos.mx\/?p=518"},"modified":"2025-08-12T22:59:25","modified_gmt":"2025-08-12T22:59:25","slug":"nuevos-camiones-urbanos-refuerzan-el-transporte-publico-en-nuevo-laredo","status":"publish","type":"post","link":"https:\/\/contenidos.mx\/?p=518","title":{"rendered":"Nuevos camiones urbanos refuerzan el transporte p\u00fablico en Nuevo Laredo"},"content":{"rendered":"\n<p><strong>Nuevo Laredo, Tamaulipas.<\/strong>&nbsp;\u2014 Con el objetivo de brindar un&nbsp;<strong>servicio de transporte p\u00fablico m\u00e1s eficiente y accesible<\/strong>, el gobierno municipal de Nuevo Laredo, encabezado por la&nbsp;<strong>presidenta Carmen Lilia Canturosas Villarreal<\/strong>, puso en circulaci\u00f3n&nbsp;<strong>siete nuevos camiones urbanos<\/strong>&nbsp;que reforzar\u00e1n la&nbsp;<strong>Ruta Express<\/strong>&nbsp;y otras rutas hacia el poniente de la ciudad.<\/p>\n\n\n\n<p>Esta acci\u00f3n forma parte del&nbsp;<strong>Convenio para la Modernizaci\u00f3n del Transporte Urbano<\/strong>, un esfuerzo conjunto entre el&nbsp;<strong>Ayuntamiento y los concesionarios<\/strong>&nbsp;para garantizar un servicio de calidad a los neolaredenses.<\/p>\n\n\n\n<p><em>\u201cHoy sumamos m\u00e1s unidades que mejorar\u00e1n la movilidad y la calidad de vida de nuestra gente. Este es un compromiso firme de mi gobierno, con el apoyo del gobernador Am\u00e9rico Villarreal, para ofrecer un transporte p\u00fablico digno, seguro y accesible\u201d<\/em>, destac\u00f3 la alcaldesa durante el banderazo de salida.<\/p>\n\n\n\n<p>El evento cont\u00f3 con la presencia del&nbsp;<strong>delegado de transporte p\u00fablico, Gilberto Mart\u00ednez Arcega<\/strong>, integrantes del&nbsp;<strong>Cabildo<\/strong>&nbsp;y&nbsp;<strong>concesionarios<\/strong>, quienes realizaron un recorrido inaugural en una de las nuevas unidades.<\/p>\n\n\n\n<h4 class=\"wp-block-heading\"><strong>Ruta Express: Conexi\u00f3n r\u00e1pida y bien recibida<\/strong><\/h4>\n\n\n\n<p>La&nbsp;<strong>Ruta Express<\/strong>, que inici\u00f3 operaciones el&nbsp;<strong>4 de agosto<\/strong>, ya cuenta con dos trayectos que conectan de manera directa las colonias&nbsp;<strong>Villas de San Miguel<\/strong>&nbsp;y&nbsp;<strong>Valles de An\u00e1huac<\/strong>&nbsp;con el&nbsp;<strong>Centro de la ciudad<\/strong>. En su primera semana, el servicio ha tenido una&nbsp;<strong>respuesta positiva<\/strong>&nbsp;por parte de los usuarios.<\/p>\n\n\n\n<p>Canturosas Villarreal adelant\u00f3 que ya se realizan&nbsp;<strong>estudios para implementar una nueva Ruta Express<\/strong>&nbsp;en el&nbsp;<strong>sur de la ciudad<\/strong>, la cual beneficiar\u00e1 a los sectores de&nbsp;<strong>Los Kil\u00f3metros<\/strong>, ampliando la cobertura del transporte p\u00fablico.<\/p>\n","protected":false},"excerpt":{"rendered":"<p>Nuevo Laredo, Tamaulipas.&nbsp;\u2014 Con el objetivo de brindar un&nbsp;servicio de transporte p\u00fablico m\u00e1s eficiente y accesible, el gobierno municipal de Nuevo Laredo, encabezado por la&nbsp;presidenta Carmen Lilia Canturosas Villarreal, puso en circulaci\u00f3n&nbsp;siete nuevos camiones urbanos&nbsp;que reforzar\u00e1n la&nbsp;Ruta Express&nbsp;y otras rutas hacia el poniente de la ciudad. Esta acci\u00f3n forma parte del&nbsp;Convenio para la Modernizaci\u00f3n del [&hellip;]<\/p>\n","protected":false},"author":1,"featured_media":519,"comment_status":"open","ping_status":"open","sticky":false,"template":"","format":"standard","meta":{"om_disable_all_campaigns":false,"_monsterinsights_skip_tracking":false,"_monsterinsights_sitenote_active":false,"_monsterinsights_sitenote_note":"","_monsterinsights_sitenote_category":0,"footnotes":""},"categories":[1],"tags":[21,190,12,191,112],"class_list":["post-518","post","type-post","status-publish","format-standard","has-post-thumbnail","hentry","category-region","tag-nuevo-laredo","tag-ruta-express","tag-tamaulipas","tag-transporte-urbano","tag-vialidades"],"aioseo_notices":[],"_links":{"self":[{"href":"https:\/\/contenidos.mx\/index.php?rest_route=\/wp\/v2\/posts\/518","targetHints":{"allow":["GET"]}}],"collection":[{"href":"https:\/\/contenidos.mx\/index.php?rest_route=\/wp\/v2\/posts"}],"about":[{"href":"https:\/\/contenidos.mx\/index.php?rest_route=\/wp\/v2\/types\/post"}],"author":[{"embeddable":true,"href":"https:\/\/contenidos.mx\/index.php?rest_route=\/wp\/v2\/users\/1"}],"replies":[{"embeddable":true,"href":"https:\/\/contenidos.mx\/index.php?rest_route=%2Fwp%2Fv2%2Fcomments&post=518"}],"version-history":[{"count":1,"href":"https:\/\/contenidos.mx\/index.php?rest_route=\/wp\/v2\/posts\/518\/revisions"}],"predecessor-version":[{"id":520,"href":"https:\/\/contenidos.mx\/index.php?rest_route=\/wp\/v2\/posts\/518\/revisions\/520"}],"wp:featuredmedia":[{"embeddable":true,"href":"https:\/\/contenidos.mx\/index.php?rest_route=\/wp\/v2\/media\/519"}],"wp:attachment":[{"href":"https:\/\/contenidos.mx\/index.php?rest_route=%2Fwp%2Fv2%2Fmedia&parent=518"}],"wp:term":[{"taxonomy":"category","embeddable":true,"href":"https:\/\/contenidos.mx\/index.php?rest_route=%2Fwp%2Fv2%2Fcategories&post=518"},{"taxonomy":"post_tag","embeddable":true,"href":"https:\/\/contenidos.mx\/index.php?rest_route=%2Fwp%2Fv2%2Ftags&post=518"}],"curies":[{"name":"wp","href":"https:\/\/api.w.org\/{rel}","templated":true}]}}