{"id":521,"date":"2025-08-14T17:28:01","date_gmt":"2025-08-14T17:28:01","guid":{"rendered":"https:\/\/contenidos.mx\/?p=521"},"modified":"2025-08-14T17:28:02","modified_gmt":"2025-08-14T17:28:02","slug":"tamaulipas-construye-nueve-subestaciones-electricas-para-mejorar-el-suministro-de-energia","status":"publish","type":"post","link":"https:\/\/contenidos.mx\/?p=521","title":{"rendered":"Tamaulipas construye nueve subestaciones el\u00e9ctricas para mejorar el suministro de energ\u00eda"},"content":{"rendered":"\n<p>Con el objetivo de fortalecer la&nbsp;<strong>infraestructura energ\u00e9tica<\/strong>&nbsp;y garantizar un suministro m\u00e1s eficiente, el gobierno de Tamaulipas avanza en la construcci\u00f3n de&nbsp;<strong>nueve subestaciones el\u00e9ctricas<\/strong>, las cuales estar\u00e1n concluidas para el&nbsp;<strong>verano de 2025<\/strong>. As\u00ed lo anunci\u00f3 el&nbsp;<strong>secretario de Desarrollo Energ\u00e9tico, Walter Juli\u00e1n \u00c1ngel Jim\u00e9nez<\/strong>, quien destac\u00f3 que estos proyectos beneficiar\u00e1n directamente a la poblaci\u00f3n y a los parques industriales del estado.<\/p>\n\n\n\n<p><em>&#8220;Somos un estado netamente productor de energ\u00eda; con estas subestaciones mejorar\u00e1n los procesos de suministro y el acceso a la electricidad para los tamaulipecos&#8221;<\/em>, afirm\u00f3 el funcionario. Adem\u00e1s, resalt\u00f3 que estas obras reducir\u00e1n los&nbsp;<strong>apagones en m\u00e1s del 50%<\/strong>&nbsp;en comparaci\u00f3n con los registros de 2024.<\/p>\n\n\n\n<h4 class=\"wp-block-heading\"><strong>Proyectos estrat\u00e9gicos para Tamaulipas<\/strong><\/h4>\n\n\n\n<p>Las subestaciones se ubicar\u00e1n en&nbsp;<strong>Tampico, Victoria, Matamoros, Reynosa y Nuevo Laredo<\/strong>, enfoc\u00e1ndose en las zonas industriales de estos municipios. Asimismo, se reactivar\u00e1 el&nbsp;<strong>proyecto de transmisi\u00f3n Huasteca-Nuevo Le\u00f3n<\/strong>, el cual permitir\u00e1 incrementar la capacidad de generaci\u00f3n y aprovechar los&nbsp;<strong>recursos e\u00f3licos<\/strong>&nbsp;del estado.<\/p>\n\n\n\n<p>\u00c1ngel Jim\u00e9nez destac\u00f3 que estos avances son resultado del&nbsp;<strong>Programa de Expansi\u00f3n Energ\u00e9tica<\/strong>&nbsp;anunciado por la&nbsp;<strong>presidenta Claudia Sheinbaum<\/strong>, posicionando a Tamaulipas como un&nbsp;<strong>referente en producci\u00f3n de energ\u00eda limpia<\/strong>.<\/p>\n\n\n\n<h4 class=\"wp-block-heading\"><strong>Hacia un sistema m\u00e1s confiable<\/strong><\/h4>\n\n\n\n<p>El secretario adelant\u00f3 que, desde la&nbsp;<strong>Secretar\u00eda de Desarrollo Energ\u00e9tico<\/strong>, se implementar\u00e1 un&nbsp;<strong>programa de sistemas avanzados de gesti\u00f3n energ\u00e9tica<\/strong>&nbsp;para minimizar las interrupciones y mejorar los indicadores de confiabilidad.&nbsp;<em>&#8220;Buscamos acercarnos cada vez m\u00e1s a un servicio continuo y de calidad para todos los ciudadanos&#8221;<\/em>, concluy\u00f3.<\/p>\n\n\n\n<p><\/p>\n","protected":false},"excerpt":{"rendered":"<p>Con el objetivo de fortalecer la&nbsp;infraestructura energ\u00e9tica&nbsp;y garantizar un suministro m\u00e1s eficiente, el gobierno de Tamaulipas avanza en la construcci\u00f3n de&nbsp;nueve subestaciones el\u00e9ctricas, las cuales estar\u00e1n concluidas para el&nbsp;verano de 2025. As\u00ed lo anunci\u00f3 el&nbsp;secretario de Desarrollo Energ\u00e9tico, Walter Juli\u00e1n \u00c1ngel Jim\u00e9nez, quien destac\u00f3 que estos proyectos beneficiar\u00e1n directamente a la poblaci\u00f3n y a los [&hellip;]<\/p>\n","protected":false},"author":1,"featured_media":522,"comment_status":"open","ping_status":"open","sticky":false,"template":"","format":"standard","meta":{"om_disable_all_campaigns":false,"_monsterinsights_skip_tracking":false,"_monsterinsights_sitenote_active":false,"_monsterinsights_sitenote_note":"","_monsterinsights_sitenote_category":0,"footnotes":""},"categories":[1],"tags":[],"class_list":["post-521","post","type-post","status-publish","format-standard","has-post-thumbnail","hentry","category-region"],"aioseo_notices":[],"_links":{"self":[{"href":"https:\/\/contenidos.mx\/index.php?rest_route=\/wp\/v2\/posts\/521","targetHints":{"allow":["GET"]}}],"collection":[{"href":"https:\/\/contenidos.mx\/index.php?rest_route=\/wp\/v2\/posts"}],"about":[{"href":"https:\/\/contenidos.mx\/index.php?rest_route=\/wp\/v2\/types\/post"}],"author":[{"embeddable":true,"href":"https:\/\/contenidos.mx\/index.php?rest_route=\/wp\/v2\/users\/1"}],"replies":[{"embeddable":true,"href":"https:\/\/contenidos.mx\/index.php?rest_route=%2Fwp%2Fv2%2Fcomments&post=521"}],"version-history":[{"count":1,"href":"https:\/\/contenidos.mx\/index.php?rest_route=\/wp\/v2\/posts\/521\/revisions"}],"predecessor-version":[{"id":523,"href":"https:\/\/contenidos.mx\/index.php?rest_route=\/wp\/v2\/posts\/521\/revisions\/523"}],"wp:featuredmedia":[{"embeddable":true,"href":"https:\/\/contenidos.mx\/index.php?rest_route=\/wp\/v2\/media\/522"}],"wp:attachment":[{"href":"https:\/\/contenidos.mx\/index.php?rest_route=%2Fwp%2Fv2%2Fmedia&parent=521"}],"wp:term":[{"taxonomy":"category","embeddable":true,"href":"https:\/\/contenidos.mx\/index.php?rest_route=%2Fwp%2Fv2%2Fcategories&post=521"},{"taxonomy":"post_tag","embeddable":true,"href":"https:\/\/contenidos.mx\/index.php?rest_route=%2Fwp%2Fv2%2Ftags&post=521"}],"curies":[{"name":"wp","href":"https:\/\/api.w.org\/{rel}","templated":true}]}}