{"id":524,"date":"2025-08-14T17:40:55","date_gmt":"2025-08-14T17:40:55","guid":{"rendered":"https:\/\/contenidos.mx\/?p=524"},"modified":"2025-08-14T17:40:56","modified_gmt":"2025-08-14T17:40:56","slug":"3ra-feria-del-empleo-en-nuevo-laredo-conecta-a-mas-de-2000-personas-con-oportunidades-laborales","status":"publish","type":"post","link":"https:\/\/contenidos.mx\/?p=524","title":{"rendered":"3ra Feria del Empleo en Nuevo Laredo conecta a m\u00e1s de 2,000 personas con oportunidades laborales"},"content":{"rendered":"\n<p><strong>Nuevo Laredo, Tamaulipas.<\/strong>&nbsp;\u2014 Con un balance positivo y m\u00e1s de&nbsp;<strong>2,000 asistentes<\/strong>, concluy\u00f3 con \u00e9xito la&nbsp;<strong>3ra Feria del Empleo 2025<\/strong>&nbsp;organizada por el&nbsp;<strong>Gobierno Municipal de Nuevo Laredo<\/strong>, en coordinaci\u00f3n con m\u00e1s de&nbsp;<strong>80 empresas<\/strong>&nbsp;locales y nacionales. El evento, celebrado en el&nbsp;<strong>Centro C\u00edvico<\/strong>, ofreci\u00f3 cerca de&nbsp;<strong>1,500 vacantes<\/strong>&nbsp;en diversos sectores, desde puestos operativos hasta roles profesionales especializados.<\/p>\n\n\n\n<p>La&nbsp;<strong>presidenta municipal, Carmen Lilia Canturosas Villarreal<\/strong>, enfatiz\u00f3 que esta iniciativa refleja el compromiso de su administraci\u00f3n con el&nbsp;<strong>desarrollo econ\u00f3mico<\/strong>&nbsp;y la generaci\u00f3n de&nbsp;<strong>empleos bien remunerados<\/strong>&nbsp;para los neolaredenses.&nbsp;<em>&#8220;Agradezco a las empresas que se suman a estos esfuerzos. Hoy, muchas familias encontrar\u00e1n una oportunidad laboral que mejorar\u00e1 su calidad de vida&#8221;<\/em>, destac\u00f3 durante el evento.<\/p>\n\n\n\n<h4 class=\"wp-block-heading\"><strong>Resultados que transforman vidas<\/strong><\/h4>\n\n\n\n<ul class=\"wp-block-list\">\n<li>En la\u00a0<strong>primera edici\u00f3n (enero 2025)<\/strong>, se vincularon\u00a0<strong>2,165 personas<\/strong>\u00a0con empleo.<\/li>\n\n\n\n<li>En la\u00a0<strong>segunda (mayo 2025)<\/strong>, se lograron\u00a0<strong>1,600 contrataciones<\/strong>\u00a0con\u00a0<strong>2,200 asistentes<\/strong>.<\/li>\n\n\n\n<li>En esta tercera edici\u00f3n, se super\u00f3 la expectativa de participaci\u00f3n, consolidando el programa como un\u00a0<strong>puente efectivo<\/strong>\u00a0entre talento y empleadores.<\/li>\n<\/ul>\n\n\n\n<p>Las vacantes disponibles abarcaron sectores clave como&nbsp;<strong>maquiladoras, transporte, comercio, servicios y agencias aduanales<\/strong>, dinamizando la econom\u00eda local.<\/p>\n\n\n\n<h4 class=\"wp-block-heading\"><strong>Trabajo en equipo por Nuevo Laredo<\/strong><\/h4>\n\n\n\n<p>La alcaldesa estuvo acompa\u00f1ada por la&nbsp;<strong>secretaria de Desarrollo Econ\u00f3mico, Lorena Cavazos Mu\u00f1oz<\/strong>, miembros del&nbsp;<strong>Cabildo<\/strong>&nbsp;y funcionarios municipales, quienes reiteraron que estas acciones forman parte de una&nbsp;<strong>estrategia integral<\/strong>&nbsp;para reducir el desempleo y atraer inversiones.<\/p>\n\n\n\n<p><em>&#8220;Seguiremos impulsando ferias que acerquen oportunidades a quienes m\u00e1s lo necesitan, porque el empleo digno es la base del progreso&#8221;<\/em>, concluy\u00f3 Canturosas Villarreal.<\/p>\n\n\n\n<p><\/p>\n","protected":false},"excerpt":{"rendered":"<p>Nuevo Laredo, Tamaulipas.&nbsp;\u2014 Con un balance positivo y m\u00e1s de&nbsp;2,000 asistentes, concluy\u00f3 con \u00e9xito la&nbsp;3ra Feria del Empleo 2025&nbsp;organizada por el&nbsp;Gobierno Municipal de Nuevo Laredo, en coordinaci\u00f3n con m\u00e1s de&nbsp;80 empresas&nbsp;locales y nacionales. El evento, celebrado en el&nbsp;Centro C\u00edvico, ofreci\u00f3 cerca de&nbsp;1,500 vacantes&nbsp;en diversos sectores, desde puestos operativos hasta roles profesionales especializados. La&nbsp;presidenta municipal, Carmen [&hellip;]<\/p>\n","protected":false},"author":1,"featured_media":525,"comment_status":"open","ping_status":"open","sticky":false,"template":"","format":"standard","meta":{"om_disable_all_campaigns":false,"_monsterinsights_skip_tracking":false,"_monsterinsights_sitenote_active":false,"_monsterinsights_sitenote_note":"","_monsterinsights_sitenote_category":0,"footnotes":""},"categories":[1],"tags":[194,195,21,12],"class_list":["post-524","post","type-post","status-publish","format-standard","has-post-thumbnail","hentry","category-region","tag-empleo","tag-feria-del-empleo","tag-nuevo-laredo","tag-tamaulipas"],"aioseo_notices":[],"_links":{"self":[{"href":"https:\/\/contenidos.mx\/index.php?rest_route=\/wp\/v2\/posts\/524","targetHints":{"allow":["GET"]}}],"collection":[{"href":"https:\/\/contenidos.mx\/index.php?rest_route=\/wp\/v2\/posts"}],"about":[{"href":"https:\/\/contenidos.mx\/index.php?rest_route=\/wp\/v2\/types\/post"}],"author":[{"embeddable":true,"href":"https:\/\/contenidos.mx\/index.php?rest_route=\/wp\/v2\/users\/1"}],"replies":[{"embeddable":true,"href":"https:\/\/contenidos.mx\/index.php?rest_route=%2Fwp%2Fv2%2Fcomments&post=524"}],"version-history":[{"count":1,"href":"https:\/\/contenidos.mx\/index.php?rest_route=\/wp\/v2\/posts\/524\/revisions"}],"predecessor-version":[{"id":526,"href":"https:\/\/contenidos.mx\/index.php?rest_route=\/wp\/v2\/posts\/524\/revisions\/526"}],"wp:featuredmedia":[{"embeddable":true,"href":"https:\/\/contenidos.mx\/index.php?rest_route=\/wp\/v2\/media\/525"}],"wp:attachment":[{"href":"https:\/\/contenidos.mx\/index.php?rest_route=%2Fwp%2Fv2%2Fmedia&parent=524"}],"wp:term":[{"taxonomy":"category","embeddable":true,"href":"https:\/\/contenidos.mx\/index.php?rest_route=%2Fwp%2Fv2%2Fcategories&post=524"},{"taxonomy":"post_tag","embeddable":true,"href":"https:\/\/contenidos.mx\/index.php?rest_route=%2Fwp%2Fv2%2Ftags&post=524"}],"curies":[{"name":"wp","href":"https:\/\/api.w.org\/{rel}","templated":true}]}}