{"id":530,"date":"2025-08-14T18:35:58","date_gmt":"2025-08-14T18:35:58","guid":{"rendered":"https:\/\/contenidos.mx\/?p=530"},"modified":"2025-08-14T18:35:58","modified_gmt":"2025-08-14T18:35:58","slug":"pymes-en-mexico-claves-del-plan-de-apoyo-y-sus-desafios","status":"publish","type":"post","link":"https:\/\/contenidos.mx\/?p=530","title":{"rendered":"PyMEs en M\u00e9xico: Claves del plan de apoyo y sus desaf\u00edos"},"content":{"rendered":"\n<h3 class=\"wp-block-heading\"><strong>\u00bfEn qu\u00e9 consiste el plan de apoyo a PyMEs?<\/strong><\/h3>\n\n\n\n<p>El gobierno de Claudia Sheinbaum present\u00f3 un&nbsp;<strong>paquete integral<\/strong>&nbsp;para fortalecer a las peque\u00f1as y medianas empresas (PyMEs), que representan&nbsp;<strong>72% del empleo<\/strong>&nbsp;en M\u00e9xico pero enfrentan problemas de financiamiento, informalidad y baja productividad.<\/p>\n\n\n\n<h4 class=\"wp-block-heading\"><strong>Principales ejes del plan:<\/strong><\/h4>\n\n\n\n<p><strong>Financiamiento accesible:<\/strong><\/p>\n\n\n\n<ul class=\"wp-block-list\">\n<li>Creaci\u00f3n de un\u00a0<strong>fondo especial<\/strong>\u00a0en banca de desarrollo (lanzamiento en febrero 2025).<\/li>\n\n\n\n<li>Acuerdo con bancos privados para aumentar cr\u00e9ditos en\u00a0<strong>3.5% anual<\/strong>.<\/li>\n\n\n\n<li>Meta: Que\u00a0<strong>30% de PyMEs<\/strong>\u00a0tengan acceso a cr\u00e9dito para 2030 (actualmente solo 27.1%).<\/li>\n<\/ul>\n\n\n\n<p><strong>Simplificaci\u00f3n administrativa:<\/strong><\/p>\n\n\n\n<ul class=\"wp-block-list\">\n<li><strong>Ventanilla \u00danica Digital<\/strong>\u00a0para agilizar permisos y tr\u00e1mites.<\/li>\n\n\n\n<li>Reducci\u00f3n de tiempos para apertura de negocios (meta: menos de 24 horas).<\/li>\n<\/ul>\n\n\n\n<p><strong>Vinculaci\u00f3n con megaproyectos:<\/strong><\/p>\n\n\n\n<ul class=\"wp-block-list\">\n<li>Incentivos para que PyMEs provean a industrias estrat\u00e9gicas (autos, energ\u00eda, tecnolog\u00eda).<\/li>\n\n\n\n<li>Decreto para aumentar\u00a0<strong>contenido nacional<\/strong>\u00a0en compras gubernamentales (65%).<\/li>\n<\/ul>\n\n\n\n<p><strong>Incentivos fiscales y formalizaci\u00f3n:<\/strong><\/p>\n\n\n\n<ul class=\"wp-block-list\">\n<li><strong>Polos de Bienestar<\/strong>: 15 zonas con beneficios fiscales para PyMEs.<\/li>\n\n\n\n<li>Programas para sacar a\u00a0<strong>3 millones de negocios<\/strong>\u00a0de la informalidad.<\/li>\n<\/ul>\n\n\n\n<hr class=\"wp-block-separator has-alpha-channel-opacity\"\/>\n\n\n\n<h3 class=\"wp-block-heading\"><strong>Pros del plan:<\/strong><\/h3>\n\n\n\n<p>\u2714&nbsp;<strong>Mayor acceso a cr\u00e9ditos<\/strong>, especialmente para microempresas.<br>\u2714&nbsp;<strong>Reducci\u00f3n de tr\u00e1mites burocr\u00e1ticos<\/strong>, clave para emprendedores.<br>\u2714&nbsp;<strong>Oportunidad de crecimiento<\/strong>&nbsp;al vincularse con cadenas globales.<\/p>\n\n\n\n<h3 class=\"wp-block-heading\"><strong>Contras y desaf\u00edos:<\/strong><\/h3>\n\n\n\n<p>\u2716&nbsp;<strong>Riesgo fiscal<\/strong>: Los incentivos podr\u00edan aumentar el d\u00e9ficit p\u00fablico (seg\u00fan Banamex).<br>\u2716&nbsp;<strong>Dependencia de ejecuci\u00f3n<\/strong>: El \u00e9xito depende de coordinaci\u00f3n entre gobiernos y bancos.<br>\u2716&nbsp;<strong>Competencia desigual<\/strong>: PyMEs podr\u00edan verse desplazadas por grandes empresas en licitaciones.<\/p>\n\n\n\n<p>El plan es\u00a0<strong>ambicioso y necesario<\/strong>, pero su \u00e9xito depender\u00e1 de una\u00a0<strong>implementaci\u00f3n eficiente<\/strong>\u00a0y evitar que los apoyos se queden en burocracia. Si logra formalizar PyMEs y conectarlas con cadenas productivas, podr\u00eda ser un\u00a0<strong>catalizador econ\u00f3mico<\/strong>; de lo contrario, quedar\u00e1 en promesas.<\/p>\n\n\n\n<p><\/p>\n","protected":false},"excerpt":{"rendered":"<p>\u00bfEn qu\u00e9 consiste el plan de apoyo a PyMEs? El gobierno de Claudia Sheinbaum present\u00f3 un&nbsp;paquete integral&nbsp;para fortalecer a las peque\u00f1as y medianas empresas (PyMEs), que representan&nbsp;72% del empleo&nbsp;en M\u00e9xico pero enfrentan problemas de financiamiento, informalidad y baja productividad. Principales ejes del plan: Financiamiento accesible: Simplificaci\u00f3n administrativa: Vinculaci\u00f3n con megaproyectos: Incentivos fiscales y formalizaci\u00f3n: Pros [&hellip;]<\/p>\n","protected":false},"author":1,"featured_media":531,"comment_status":"open","ping_status":"open","sticky":false,"template":"","format":"standard","meta":{"om_disable_all_campaigns":false,"_monsterinsights_skip_tracking":false,"_monsterinsights_sitenote_active":false,"_monsterinsights_sitenote_note":"","_monsterinsights_sitenote_category":0,"footnotes":""},"categories":[8],"tags":[81,197,196],"class_list":["post-530","post","type-post","status-publish","format-standard","has-post-thumbnail","hentry","category-nacional","tag-economia","tag-plan-economico","tag-pymes"],"aioseo_notices":[],"_links":{"self":[{"href":"https:\/\/contenidos.mx\/index.php?rest_route=\/wp\/v2\/posts\/530","targetHints":{"allow":["GET"]}}],"collection":[{"href":"https:\/\/contenidos.mx\/index.php?rest_route=\/wp\/v2\/posts"}],"about":[{"href":"https:\/\/contenidos.mx\/index.php?rest_route=\/wp\/v2\/types\/post"}],"author":[{"embeddable":true,"href":"https:\/\/contenidos.mx\/index.php?rest_route=\/wp\/v2\/users\/1"}],"replies":[{"embeddable":true,"href":"https:\/\/contenidos.mx\/index.php?rest_route=%2Fwp%2Fv2%2Fcomments&post=530"}],"version-history":[{"count":1,"href":"https:\/\/contenidos.mx\/index.php?rest_route=\/wp\/v2\/posts\/530\/revisions"}],"predecessor-version":[{"id":532,"href":"https:\/\/contenidos.mx\/index.php?rest_route=\/wp\/v2\/posts\/530\/revisions\/532"}],"wp:featuredmedia":[{"embeddable":true,"href":"https:\/\/contenidos.mx\/index.php?rest_route=\/wp\/v2\/media\/531"}],"wp:attachment":[{"href":"https:\/\/contenidos.mx\/index.php?rest_route=%2Fwp%2Fv2%2Fmedia&parent=530"}],"wp:term":[{"taxonomy":"category","embeddable":true,"href":"https:\/\/contenidos.mx\/index.php?rest_route=%2Fwp%2Fv2%2Fcategories&post=530"},{"taxonomy":"post_tag","embeddable":true,"href":"https:\/\/contenidos.mx\/index.php?rest_route=%2Fwp%2Fv2%2Ftags&post=530"}],"curies":[{"name":"wp","href":"https:\/\/api.w.org\/{rel}","templated":true}]}}