{"id":537,"date":"2025-08-17T22:19:58","date_gmt":"2025-08-17T22:19:58","guid":{"rendered":"https:\/\/contenidos.mx\/?p=537"},"modified":"2025-08-17T22:19:58","modified_gmt":"2025-08-17T22:19:58","slug":"reconocimiento-municipal-de-la-juventud-2025-38-jovenes-neolaredenses-galardonados-por-su-impacto-social","status":"publish","type":"post","link":"https:\/\/contenidos.mx\/?p=537","title":{"rendered":"Reconocimiento Municipal de la Juventud 2025: 38 j\u00f3venes neolaredenses galardonados por su impacto social"},"content":{"rendered":"\n<p><strong>Nuevo Laredo, Tamaulipas.<\/strong>\u00a0\u2014 En una ceremonia llena de orgullo y motivaci\u00f3n, el\u00a0<strong>Gobierno Municipal de Nuevo Laredo<\/strong>, encabezado por la\u00a0<strong>presidenta Carmen Lilia Canturosas Villarreal<\/strong>, entreg\u00f3 el\u00a0<strong>Reconocimiento Municipal de la Juventud 2025<\/strong>\u00a0a\u00a0<strong>38 j\u00f3venes neolaredenses talentosos<\/strong>\u00a0que han destacado en diversos campos, contribuyendo al desarrollo y prestigio de la ciudad.<\/p>\n\n\n\n<p>El evento, organizado en coordinaci\u00f3n con el&nbsp;<strong>Instituto Municipal para el Desarrollo de la Juventud (IMJUVE)<\/strong>, dirigido por&nbsp;<strong>Jes\u00fas Espinoza<\/strong>, reconoci\u00f3 el esfuerzo y dedicaci\u00f3n de j\u00f3venes en las siguientes categor\u00edas:<\/p>\n\n\n\n<ul class=\"wp-block-list\">\n<li><strong>Acad\u00e9mico, Cient\u00edfico y Tecnol\u00f3gico<\/strong><\/li>\n\n\n\n<li><strong>Activismo y Contribuci\u00f3n Social<\/strong><\/li>\n\n\n\n<li><strong>Art\u00edstico y Cultural<\/strong><\/li>\n\n\n\n<li><strong>Deportivo<\/strong><\/li>\n\n\n\n<li><strong>Emprendimiento<\/strong><\/li>\n<\/ul>\n\n\n\n<h4 class=\"wp-block-heading\"><strong>Un mensaje de apoyo a las juventudes<\/strong><\/h4>\n\n\n\n<p>Durante su discurso, la alcaldesa Canturosas Villarreal destac\u00f3 el papel fundamental de los j\u00f3venes en la transformaci\u00f3n de Nuevo Laredo:&nbsp;<em>&#8220;Son el motor que impulsa nuestra sociedad. Su talento y creatividad construyen el futuro que todos queremos. En este gobierno, seguiremos abriendo puertas para que alcancen sus metas y sigan poniendo en alto el nombre de nuestra ciudad&#8221;<\/em>.<\/p>\n\n\n\n<p>Adem\u00e1s, resalt\u00f3 que este reconocimiento no solo celebra logros individuales, sino que tambi\u00e9n&nbsp;<strong>fomenta el orgullo local<\/strong>&nbsp;y promueve una cultura de&nbsp;<strong>superaci\u00f3n y participaci\u00f3n activa<\/strong>&nbsp;entre las nuevas generaciones.<\/p>\n\n\n\n<h4 class=\"wp-block-heading\"><strong>Compromiso con el desarrollo juvenil<\/strong><\/h4>\n\n\n\n<p>Este galard\u00f3n refuerza la estrategia municipal para\u00a0<strong>impulsar el potencial de los j\u00f3venes neolaredenses<\/strong>, creando espacios que motiven su crecimiento personal y profesional. Con acciones como esta, el gobierno de Nuevo Laredo reafirma su compromiso de trabajar\u00a0<strong>junto a la juventud<\/strong>\u00a0para construir una ciudad m\u00e1s pr\u00f3spera e incluyente.<\/p>\n\n\n\n<p><\/p>\n","protected":false},"excerpt":{"rendered":"<p>Nuevo Laredo, Tamaulipas.\u00a0\u2014 En una ceremonia llena de orgullo y motivaci\u00f3n, el\u00a0Gobierno Municipal de Nuevo Laredo, encabezado por la\u00a0presidenta Carmen Lilia Canturosas Villarreal, entreg\u00f3 el\u00a0Reconocimiento Municipal de la Juventud 2025\u00a0a\u00a038 j\u00f3venes neolaredenses talentosos\u00a0que han destacado en diversos campos, contribuyendo al desarrollo y prestigio de la ciudad. El evento, organizado en coordinaci\u00f3n con el&nbsp;Instituto Municipal para [&hellip;]<\/p>\n","protected":false},"author":1,"featured_media":538,"comment_status":"open","ping_status":"open","sticky":false,"template":"","format":"standard","meta":{"om_disable_all_campaigns":false,"_monsterinsights_skip_tracking":false,"_monsterinsights_sitenote_active":false,"_monsterinsights_sitenote_note":"","_monsterinsights_sitenote_category":0,"footnotes":""},"categories":[1],"tags":[202,200,21,201],"class_list":["post-537","post","type-post","status-publish","format-standard","has-post-thumbnail","hentry","category-region","tag-imjuve","tag-jovenes-neolaredenses","tag-nuevo-laredo","tag-premios-a-la-juventud"],"aioseo_notices":[],"_links":{"self":[{"href":"https:\/\/contenidos.mx\/index.php?rest_route=\/wp\/v2\/posts\/537","targetHints":{"allow":["GET"]}}],"collection":[{"href":"https:\/\/contenidos.mx\/index.php?rest_route=\/wp\/v2\/posts"}],"about":[{"href":"https:\/\/contenidos.mx\/index.php?rest_route=\/wp\/v2\/types\/post"}],"author":[{"embeddable":true,"href":"https:\/\/contenidos.mx\/index.php?rest_route=\/wp\/v2\/users\/1"}],"replies":[{"embeddable":true,"href":"https:\/\/contenidos.mx\/index.php?rest_route=%2Fwp%2Fv2%2Fcomments&post=537"}],"version-history":[{"count":1,"href":"https:\/\/contenidos.mx\/index.php?rest_route=\/wp\/v2\/posts\/537\/revisions"}],"predecessor-version":[{"id":539,"href":"https:\/\/contenidos.mx\/index.php?rest_route=\/wp\/v2\/posts\/537\/revisions\/539"}],"wp:featuredmedia":[{"embeddable":true,"href":"https:\/\/contenidos.mx\/index.php?rest_route=\/wp\/v2\/media\/538"}],"wp:attachment":[{"href":"https:\/\/contenidos.mx\/index.php?rest_route=%2Fwp%2Fv2%2Fmedia&parent=537"}],"wp:term":[{"taxonomy":"category","embeddable":true,"href":"https:\/\/contenidos.mx\/index.php?rest_route=%2Fwp%2Fv2%2Fcategories&post=537"},{"taxonomy":"post_tag","embeddable":true,"href":"https:\/\/contenidos.mx\/index.php?rest_route=%2Fwp%2Fv2%2Ftags&post=537"}],"curies":[{"name":"wp","href":"https:\/\/api.w.org\/{rel}","templated":true}]}}