{"id":540,"date":"2025-08-17T23:51:07","date_gmt":"2025-08-17T23:51:07","guid":{"rendered":"https:\/\/contenidos.mx\/?p=540"},"modified":"2025-08-17T23:51:07","modified_gmt":"2025-08-17T23:51:07","slug":"salud-en-mexico-logros-y-retos-tras-anuncios-de-sheinbaum","status":"publish","type":"post","link":"https:\/\/contenidos.mx\/?p=540","title":{"rendered":"Salud en M\u00e9xico: Logros y retos tras anuncios de Sheinbaum"},"content":{"rendered":"\n<h3 class=\"wp-block-heading\"><em>Gobierno destaca integraci\u00f3n de sistemas de salud en M\u00e9xico y nuevas unidades m\u00e9dicas, pero persisten rezagos en abasto de medicamentos y tiempos de espera.<\/em><\/h3>\n\n\n\n<p>El\u00a0<strong>17 de agosto de 2025<\/strong>, la presidenta Claudia Sheinbaum lider\u00f3 una conferencia centrada en salud, donde destac\u00f3 avances en la\u00a0<strong>integraci\u00f3n del sistema p\u00fablico<\/strong>, inauguraciones de unidades m\u00e9dicas y programas de bienestar. Sin embargo, contrastes con la realidad de la salud en M\u00e9xico revelan desaf\u00edos pendientes.<\/p>\n\n\n\n<ol start=\"1\" class=\"wp-block-list\">\n<li><strong>Unificaci\u00f3n de Sistemas de Salud en M\u00e9xico (IMSS, ISSSTE, IMSS Bienestar)<\/strong>\n<ul class=\"wp-block-list\">\n<li><strong>Meta 2027<\/strong>: Crear un sistema \u00fanico donde pacientes puedan atenderse en cualquier instituci\u00f3n, sin importar su afiliaci\u00f3n.<\/li>\n\n\n\n<li><strong>Avances<\/strong>:\n<ul class=\"wp-block-list\">\n<li>Incorporaci\u00f3n de\u00a0<strong>81 hospitales rurales (IMSS Coplamar)<\/strong>\u00a0al IMSS ordinario, beneficiando a 10.8 millones de personas.<\/li>\n\n\n\n<li><strong>Digitalizaci\u00f3n<\/strong>\u00a0de historiales cl\u00ednicos para facilitar la interoperabilidad.<\/li>\n<\/ul>\n<\/li>\n<\/ul>\n<\/li>\n\n\n\n<li><strong>Inauguraci\u00f3n de Infraestructura<\/strong>\n<ul class=\"wp-block-list\">\n<li><strong>Unidad de Medicina Familiar (UMF) No. 93 en Ecatepec<\/strong>:\n<ul class=\"wp-block-list\">\n<li>51 consultorios, horario extendido y servicios de trauma\/ortopedia.<\/li>\n\n\n\n<li>Atender\u00e1 a\u00a0<strong>352 mil derechohabientes<\/strong>.<\/li>\n<\/ul>\n<\/li>\n\n\n\n<li><strong>Hospital Oncol\u00f3gico de Ecatepec<\/strong>: Reactivado tras a\u00f1os de abandono.<\/li>\n<\/ul>\n<\/li>\n\n\n\n<li><strong>Programas de Bienestar<\/strong>\n<ul class=\"wp-block-list\">\n<li><strong>Salud Casa por Casa<\/strong>: Visitas m\u00e9dicas a adultos mayores y personas con discapacidad.<\/li>\n\n\n\n<li><strong>Farmacias del Bienestar<\/strong>: Distribuci\u00f3n gratuita de medicamentos para enfermedades cr\u00f3nicas.<\/li>\n<\/ul>\n<\/li>\n\n\n\n<li><strong>Abasto de Medicamentos<\/strong>\n<ul class=\"wp-block-list\">\n<li>Sheinbaum afirm\u00f3 que se adjudic\u00f3 el\u00a0<strong>96% de los insumos<\/strong>\u00a0necesarios para 2025-2026, con una inversi\u00f3n de\u00a0<strong>284 mil millones de pesos<\/strong>.<\/li>\n<\/ul>\n<\/li>\n<\/ol>\n\n\n\n<hr class=\"wp-block-separator has-alpha-channel-opacity\"\/>\n\n\n\n<h3 class=\"wp-block-heading\"><strong>Contrastes con la Realidad<\/strong><\/h3>\n\n\n\n<ol start=\"1\" class=\"wp-block-list\">\n<li><strong>Abasto Incompleto y Retrasos<\/strong>\n<ul class=\"wp-block-list\">\n<li>Aunque se anunci\u00f3 la compra del 96% de medicamentos, en redes sociales usuarios denuncian\u00a0<strong>falta de insumos en hospitales<\/strong>\u00a0(ej.: oncol\u00f3gicos) y esperas de meses para cirug\u00edas\u00a012.<\/li>\n\n\n\n<li>Ejemplo: En M\u00e9rida, pacientes esperan\u00a0<strong>hasta un a\u00f1o<\/strong>\u00a0para intervenciones quir\u00fargicas.<\/li>\n<\/ul>\n<\/li>\n\n\n\n<li><strong>Saturaci\u00f3n en Hospitales<\/strong>\n<ul class=\"wp-block-list\">\n<li>La integraci\u00f3n de IMSS Coplamar al IMSS ordinario gener\u00f3 preocupaci\u00f3n por\u00a0<strong>colapsar<\/strong>\u00a0unidades ya saturadas. Usuarios se\u00f1alan:\u00a0<em>&#8220;Los derechohabientes no encuentran medicamentos; \u00bfc\u00f3mo atender\u00e1n a m\u00e1s poblaci\u00f3n?&#8221;<\/em>.<\/li>\n<\/ul>\n<\/li>\n\n\n\n<li><strong>Falta de Especialistas<\/strong>\n<ul class=\"wp-block-list\">\n<li>Pese al aumento de plazas para residencias m\u00e9dicas (18,207 en 2024), persisten\u00a0<strong>vacantes en zonas rurales<\/strong>\u00a0y listas de espera para especialidades como oncolog\u00eda.<\/li>\n<\/ul>\n<\/li>\n\n\n\n<li><strong>Desigualdad en Acceso<\/strong>\n<ul class=\"wp-block-list\">\n<li>El programa IMSS Bienestar solo cubre\u00a0<strong>23 de 32 estados<\/strong>, dejando fuera a entidades gobernadas por oposici\u00f3n (ej.: Nuevo Le\u00f3n, Jalisco).<\/li>\n<\/ul>\n<\/li>\n<\/ol>\n\n\n\n<hr class=\"wp-block-separator has-alpha-channel-opacity\"\/>\n\n\n\n<h3 class=\"wp-block-heading\">\u00bf<strong>QUE ES LO QUE SE DICE?<\/strong><\/h3>\n\n\n\n<ul class=\"wp-block-list\">\n<li><strong>Redes Sociales<\/strong>:\n<ul class=\"wp-block-list\">\n<li><em>&#8220;Primero resuelvan la falta de medicamentos y luego hablen de integrar m\u00e1s pacientes&#8221;<\/em>\u00a0\u2014 Comentario en Facebook.<\/li>\n\n\n\n<li><em>&#8220;El IMSS no da abasto; mi madre lleva 8 meses esperando una mastectom\u00eda&#8221;<\/em>\u00a0\u2014 Usuario en Twitter.<\/li>\n<\/ul>\n<\/li>\n\n\n\n<li><strong>Expertos<\/strong>: Analistas se\u00f1alan que el \u00e9xito del sistema \u00fanico depender\u00e1 de\u00a0<strong>presupuesto sostenible<\/strong>\u00a0y coordinaci\u00f3n interinstitucional.<\/li>\n<\/ul>\n\n\n\n<hr class=\"wp-block-separator has-alpha-channel-opacity\"\/>\n\n\n\n<h3 class=\"wp-block-heading\"><strong>Conclusi\u00f3n<\/strong><\/h3>\n\n\n\n<p>Los anuncios reflejan una&nbsp;<strong>visi\u00f3n ambiciosa<\/strong>&nbsp;para universalizar la salud, con avances en infraestructura y coordinaci\u00f3n. Sin embargo,&nbsp;<strong>la realidad cotidiana<\/strong>&nbsp;en hospitales \u2014desabasto, saturaci\u00f3n y desigualdad\u2014 muestra que el camino sigue siendo largo. La promesa de &#8220;un solo sistema de salud para 2027&#8221; requerir\u00e1 no solo inversi\u00f3n, sino&nbsp;<strong>eficiencia en la ejecuci\u00f3n<\/strong>&nbsp;y rendici\u00f3n de cuentas.<\/p>\n\n\n\n<p><\/p>\n","protected":false},"excerpt":{"rendered":"<p>Gobierno destaca integraci\u00f3n de sistemas de salud en M\u00e9xico y nuevas unidades m\u00e9dicas, pero persisten rezagos en abasto de medicamentos y tiempos de espera. El\u00a017 de agosto de 2025, la presidenta Claudia Sheinbaum lider\u00f3 una conferencia centrada en salud, donde destac\u00f3 avances en la\u00a0integraci\u00f3n del sistema p\u00fablico, inauguraciones de unidades m\u00e9dicas y programas de bienestar. [&hellip;]<\/p>\n","protected":false},"author":1,"featured_media":541,"comment_status":"open","ping_status":"open","sticky":false,"template":"","format":"standard","meta":{"om_disable_all_campaigns":false,"_monsterinsights_skip_tracking":false,"_monsterinsights_sitenote_active":false,"_monsterinsights_sitenote_note":"","_monsterinsights_sitenote_category":0,"footnotes":""},"categories":[1],"tags":[45,203,41,204],"class_list":["post-540","post","type-post","status-publish","format-standard","has-post-thumbnail","hentry","category-region","tag-claudia-seinbaum","tag-mananera-del-pueblo","tag-salud","tag-salud-en-mexico"],"aioseo_notices":[],"_links":{"self":[{"href":"https:\/\/contenidos.mx\/index.php?rest_route=\/wp\/v2\/posts\/540","targetHints":{"allow":["GET"]}}],"collection":[{"href":"https:\/\/contenidos.mx\/index.php?rest_route=\/wp\/v2\/posts"}],"about":[{"href":"https:\/\/contenidos.mx\/index.php?rest_route=\/wp\/v2\/types\/post"}],"author":[{"embeddable":true,"href":"https:\/\/contenidos.mx\/index.php?rest_route=\/wp\/v2\/users\/1"}],"replies":[{"embeddable":true,"href":"https:\/\/contenidos.mx\/index.php?rest_route=%2Fwp%2Fv2%2Fcomments&post=540"}],"version-history":[{"count":1,"href":"https:\/\/contenidos.mx\/index.php?rest_route=\/wp\/v2\/posts\/540\/revisions"}],"predecessor-version":[{"id":542,"href":"https:\/\/contenidos.mx\/index.php?rest_route=\/wp\/v2\/posts\/540\/revisions\/542"}],"wp:featuredmedia":[{"embeddable":true,"href":"https:\/\/contenidos.mx\/index.php?rest_route=\/wp\/v2\/media\/541"}],"wp:attachment":[{"href":"https:\/\/contenidos.mx\/index.php?rest_route=%2Fwp%2Fv2%2Fmedia&parent=540"}],"wp:term":[{"taxonomy":"category","embeddable":true,"href":"https:\/\/contenidos.mx\/index.php?rest_route=%2Fwp%2Fv2%2Fcategories&post=540"},{"taxonomy":"post_tag","embeddable":true,"href":"https:\/\/contenidos.mx\/index.php?rest_route=%2Fwp%2Fv2%2Ftags&post=540"}],"curies":[{"name":"wp","href":"https:\/\/api.w.org\/{rel}","templated":true}]}}