{"id":543,"date":"2025-08-18T18:29:16","date_gmt":"2025-08-18T18:29:16","guid":{"rendered":"https:\/\/contenidos.mx\/?p=543"},"modified":"2025-08-18T18:29:17","modified_gmt":"2025-08-18T18:29:17","slug":"tamaulipas-lidera-entrega-de-viviendas-para-el-bienestar-1117-casas-listas-en-2025","status":"publish","type":"post","link":"https:\/\/contenidos.mx\/?p=543","title":{"rendered":"Tamaulipas lidera entrega de Viviendas para el Bienestar: 1,117 casas listas en 2025"},"content":{"rendered":"\n<p><strong>Ciudad de M\u00e9xico.<\/strong>&nbsp;\u2014 Tamaulipas se posiciona como&nbsp;<strong>la entidad con mayor n\u00famero de Viviendas para el Bienestar<\/strong>&nbsp;que ser\u00e1n entregadas a nivel nacional en&nbsp;<strong>diciembre de 2025<\/strong>, con un total de&nbsp;<strong>1,117 casas<\/strong>. As\u00ed lo anunci\u00f3 el&nbsp;<strong>director general del Infonavit, Octavio Romero Oropeza<\/strong>, durante la conferencia ma\u00f1anera de la&nbsp;<strong>presidenta Claudia Sheinbaum<\/strong>, donde destac\u00f3 los avances de este programa en el pa\u00eds.<\/p>\n\n\n\n<h4 class=\"wp-block-heading\"><strong>Cifras clave del programa<\/strong><\/h4>\n\n\n\n<ul class=\"wp-block-list\">\n<li><strong>19,174 viviendas<\/strong>\u00a0proyectadas para Tamaulipas en\u00a0<strong>2025-2026<\/strong>.<\/li>\n\n\n\n<li><strong>1,117<\/strong>\u00a0estar\u00e1n listas este a\u00f1o (de\u00a0<strong>4,387 a nivel nacional<\/strong>).<\/li>\n\n\n\n<li><strong>5 proyectos activos<\/strong>\u00a0en Reynosa, Altamira y Matamoros, que suman\u00a0<strong>3,895 viviendas<\/strong>\u00a0en construcci\u00f3n.<\/li>\n<\/ul>\n\n\n\n<h4 class=\"wp-block-heading\"><strong>Detalles de los proyectos<\/strong><\/h4>\n\n\n\n<p>Las construcciones avanzan en:<br><strong>Reynosa<\/strong>:<\/p>\n\n\n\n<ul class=\"wp-block-list\">\n<li><em>Proyecto Florencia<\/em>: 724 viviendas<\/li>\n\n\n\n<li><em>Proyecto Puerta Grande<\/em>: 1,088<\/li>\n\n\n\n<li><em>Proyecto Nuevo M\u00e9xico<\/em>: 1,178<br><strong>Altamira<\/strong>:\u00a0<em>Proyecto 21 de Marzo<\/em>: 1,125<br><strong>Matamoros<\/strong>:\u00a0<em>Proyecto Arecas<\/em>: 780<\/li>\n<\/ul>\n\n\n\n<h4 class=\"wp-block-heading\"><strong>Caracter\u00edsticas de las viviendas<\/strong><\/h4>\n\n\n\n<p>Cada casa cuenta con:<br><strong>60 m\u00b2 de construcci\u00f3n<\/strong><br><strong>2 rec\u00e1maras<\/strong>, cocina, ba\u00f1o, sala-comedor<br>\u00c1reas de servicio y estacionamiento<\/p>\n\n\n\n<p>Este esfuerzo se deriva del&nbsp;<strong>convenio firmado en 2024<\/strong>&nbsp;entre el&nbsp;<strong>gobernador Am\u00e9rico Villarreal Anaya<\/strong>&nbsp;y el Infonavit, alineado con la meta nacional de garantizar&nbsp;<strong>patrimonios dignos<\/strong>&nbsp;para trabajadores.<\/p>\n","protected":false},"excerpt":{"rendered":"<p>Ciudad de M\u00e9xico.&nbsp;\u2014 Tamaulipas se posiciona como&nbsp;la entidad con mayor n\u00famero de Viviendas para el Bienestar&nbsp;que ser\u00e1n entregadas a nivel nacional en&nbsp;diciembre de 2025, con un total de&nbsp;1,117 casas. As\u00ed lo anunci\u00f3 el&nbsp;director general del Infonavit, Octavio Romero Oropeza, durante la conferencia ma\u00f1anera de la&nbsp;presidenta Claudia Sheinbaum, donde destac\u00f3 los avances de este programa en [&hellip;]<\/p>\n","protected":false},"author":1,"featured_media":544,"comment_status":"open","ping_status":"open","sticky":false,"template":"","format":"standard","meta":{"om_disable_all_campaigns":false,"_monsterinsights_skip_tracking":false,"_monsterinsights_sitenote_active":false,"_monsterinsights_sitenote_note":"","_monsterinsights_sitenote_category":0,"footnotes":""},"categories":[1],"tags":[205,206,207],"class_list":["post-543","post","type-post","status-publish","format-standard","has-post-thumbnail","hentry","category-region","tag-infonavit","tag-vivienda","tag-vlivienda-tamaulipas"],"aioseo_notices":[],"_links":{"self":[{"href":"https:\/\/contenidos.mx\/index.php?rest_route=\/wp\/v2\/posts\/543","targetHints":{"allow":["GET"]}}],"collection":[{"href":"https:\/\/contenidos.mx\/index.php?rest_route=\/wp\/v2\/posts"}],"about":[{"href":"https:\/\/contenidos.mx\/index.php?rest_route=\/wp\/v2\/types\/post"}],"author":[{"embeddable":true,"href":"https:\/\/contenidos.mx\/index.php?rest_route=\/wp\/v2\/users\/1"}],"replies":[{"embeddable":true,"href":"https:\/\/contenidos.mx\/index.php?rest_route=%2Fwp%2Fv2%2Fcomments&post=543"}],"version-history":[{"count":1,"href":"https:\/\/contenidos.mx\/index.php?rest_route=\/wp\/v2\/posts\/543\/revisions"}],"predecessor-version":[{"id":545,"href":"https:\/\/contenidos.mx\/index.php?rest_route=\/wp\/v2\/posts\/543\/revisions\/545"}],"wp:featuredmedia":[{"embeddable":true,"href":"https:\/\/contenidos.mx\/index.php?rest_route=\/wp\/v2\/media\/544"}],"wp:attachment":[{"href":"https:\/\/contenidos.mx\/index.php?rest_route=%2Fwp%2Fv2%2Fmedia&parent=543"}],"wp:term":[{"taxonomy":"category","embeddable":true,"href":"https:\/\/contenidos.mx\/index.php?rest_route=%2Fwp%2Fv2%2Fcategories&post=543"},{"taxonomy":"post_tag","embeddable":true,"href":"https:\/\/contenidos.mx\/index.php?rest_route=%2Fwp%2Fv2%2Ftags&post=543"}],"curies":[{"name":"wp","href":"https:\/\/api.w.org\/{rel}","templated":true}]}}