{"id":546,"date":"2025-08-18T19:01:24","date_gmt":"2025-08-18T19:01:24","guid":{"rendered":"https:\/\/contenidos.mx\/?p=546"},"modified":"2025-08-18T19:01:24","modified_gmt":"2025-08-18T19:01:24","slug":"inversion-historica-cooperativa-pascual-en-nuevo-laredo-generara-1300-empleos-con-600-mdp","status":"publish","type":"post","link":"https:\/\/contenidos.mx\/?p=546","title":{"rendered":"Inversi\u00f3n hist\u00f3rica: Cooperativa Pascual\u00a0en Nuevo Laredo generar\u00e1 1,300 empleos con $600 MDP"},"content":{"rendered":"\n<p><strong>Nuevo Laredo, Tamaulipas.<\/strong>&nbsp;\u2014 Con una ceremonia que marc\u00f3 el inicio de una nueva era industrial, este jueves se coloc\u00f3 la&nbsp;<strong>primera piedra de la planta de la Cooperativa Pascual<\/strong>&nbsp;en Nuevo Laredo, un proyecto que inyectar\u00e1&nbsp;<strong>$600 millones de pesos<\/strong>&nbsp;a la econom\u00eda local y crear\u00e1&nbsp;<strong>300 empleos directos<\/strong>&nbsp;(y 1,000 indirectos), consolidando a la ciudad como el&nbsp;<strong>hub industrial y exportador del norte de M\u00e9xico<\/strong>.<\/p>\n\n\n\n<h4 class=\"wp-block-heading\"><strong>Una alianza p\u00fablico-privada con visi\u00f3n de futuro<\/strong><\/h4>\n\n\n\n<p>En el evento, la&nbsp;<strong>presidenta municipal Carmen Lilia Canturosas Villarreal<\/strong>&nbsp;destac\u00f3 c\u00f3mo la ubicaci\u00f3n fronteriza de Nuevo Laredo \u2014&#8221;<strong>puerta al mercado m\u00e1s grande del mundo<\/strong>&#8220;\u2014 fue clave para atraer esta inversi\u00f3n:<br><em>&#8220;Modernizamos vialidades, ampliamos servicios y mejoramos la infraestructura no por obra, sino porque sabemos que son los cimientos para generar empleos dignos y oportunidades reales&#8221;<\/em>.<\/p>\n\n\n\n<p>Acompa\u00f1ada por&nbsp;<strong>Ninfa Cant\u00fa De\u00e1ndar<\/strong>, secretaria de Econom\u00eda estatal, y&nbsp;<strong>Patricia Izarrar\u00e1s Avi\u00f1a<\/strong>, presidenta de la cooperativa, la alcaldesa reconoci\u00f3 el apoyo del&nbsp;<strong>gobernador Am\u00e9rico Villarreal<\/strong>&nbsp;en posicionar a Tamaulipas como&nbsp;<strong>destino prioritario para inversiones<\/strong>.<\/p>\n\n\n\n<h4 class=\"wp-block-heading\"><strong>Por qu\u00e9 Pascual eligi\u00f3 Nuevo Laredo<\/strong><\/h4>\n\n\n\n<p>Izarrar\u00e1s Avi\u00f1a explic\u00f3 que la decisi\u00f3n respondi\u00f3 a tres ventajas estrat\u00e9gicas:<br>1\ufe0f\u20e3&nbsp;<strong>Conectividad log\u00edstica<\/strong>: Acceso r\u00e1pido a mercados de EUA y norte de M\u00e9xico<br>2\ufe0f\u20e3&nbsp;<strong>Apoyo gubernamental<\/strong>: Agilidad en permisos y acompa\u00f1amiento municipal<br>3\ufe0f\u20e3&nbsp;<strong>Talento local<\/strong>: Mano de obra calificada en la regi\u00f3n<\/p>\n\n\n\n<p><em>&#8220;Esta planta ser\u00e1 nuestra plataforma para optimizar distribuci\u00f3n y crecer en mercados internacionales. No es casualidad: elegimos la&nbsp;puerta de exportaci\u00f3n m\u00e1s importante de M\u00e9xico&#8221;<\/em>, afirm\u00f3.<\/p>\n\n\n\n<h4 class=\"wp-block-heading\"><strong>Detalles del proyecto<\/strong><\/h4>\n\n\n\n<ul class=\"wp-block-list\">\n<li><strong>Superficie<\/strong>: Nave industrial de 12,000 m\u00b2 (primera etapa)<\/li>\n\n\n\n<li><strong>Capacidad<\/strong>: Producci\u00f3n inicial de 5 millones de unidades\/mes<\/li>\n\n\n\n<li><strong>Enfoque<\/strong>: Bebidas para mercado nacional y exportaci\u00f3n a EUA<\/li>\n<\/ul>\n\n\n\n<p>El acto cont\u00f3 con la presencia del&nbsp;<strong>c\u00f3nsul mexicano en Laredo, Texas<\/strong>,&nbsp;<strong>diputados federales y locales<\/strong>, y el&nbsp;<strong>legislador texano Richard Raymond<\/strong>, reflejando el impacto binacional del proyecto.<\/p>\n","protected":false},"excerpt":{"rendered":"<p>Nuevo Laredo, Tamaulipas.&nbsp;\u2014 Con una ceremonia que marc\u00f3 el inicio de una nueva era industrial, este jueves se coloc\u00f3 la&nbsp;primera piedra de la planta de la Cooperativa Pascual&nbsp;en Nuevo Laredo, un proyecto que inyectar\u00e1&nbsp;$600 millones de pesos&nbsp;a la econom\u00eda local y crear\u00e1&nbsp;300 empleos directos&nbsp;(y 1,000 indirectos), consolidando a la ciudad como el&nbsp;hub industrial y exportador [&hellip;]<\/p>\n","protected":false},"author":1,"featured_media":547,"comment_status":"open","ping_status":"open","sticky":false,"template":"","format":"standard","meta":{"om_disable_all_campaigns":false,"_monsterinsights_skip_tracking":false,"_monsterinsights_sitenote_active":false,"_monsterinsights_sitenote_note":"","_monsterinsights_sitenote_category":0,"footnotes":""},"categories":[1],"tags":[209,208,158,211,210,105,21],"class_list":["post-546","post","type-post","status-publish","format-standard","has-post-thumbnail","hentry","category-region","tag-boing","tag-cooperativa-pascual","tag-economia-2","tag-empleos","tag-industria","tag-inversion","tag-nuevo-laredo"],"aioseo_notices":[],"_links":{"self":[{"href":"https:\/\/contenidos.mx\/index.php?rest_route=\/wp\/v2\/posts\/546","targetHints":{"allow":["GET"]}}],"collection":[{"href":"https:\/\/contenidos.mx\/index.php?rest_route=\/wp\/v2\/posts"}],"about":[{"href":"https:\/\/contenidos.mx\/index.php?rest_route=\/wp\/v2\/types\/post"}],"author":[{"embeddable":true,"href":"https:\/\/contenidos.mx\/index.php?rest_route=\/wp\/v2\/users\/1"}],"replies":[{"embeddable":true,"href":"https:\/\/contenidos.mx\/index.php?rest_route=%2Fwp%2Fv2%2Fcomments&post=546"}],"version-history":[{"count":1,"href":"https:\/\/contenidos.mx\/index.php?rest_route=\/wp\/v2\/posts\/546\/revisions"}],"predecessor-version":[{"id":548,"href":"https:\/\/contenidos.mx\/index.php?rest_route=\/wp\/v2\/posts\/546\/revisions\/548"}],"wp:featuredmedia":[{"embeddable":true,"href":"https:\/\/contenidos.mx\/index.php?rest_route=\/wp\/v2\/media\/547"}],"wp:attachment":[{"href":"https:\/\/contenidos.mx\/index.php?rest_route=%2Fwp%2Fv2%2Fmedia&parent=546"}],"wp:term":[{"taxonomy":"category","embeddable":true,"href":"https:\/\/contenidos.mx\/index.php?rest_route=%2Fwp%2Fv2%2Fcategories&post=546"},{"taxonomy":"post_tag","embeddable":true,"href":"https:\/\/contenidos.mx\/index.php?rest_route=%2Fwp%2Fv2%2Ftags&post=546"}],"curies":[{"name":"wp","href":"https:\/\/api.w.org\/{rel}","templated":true}]}}