{"id":551,"date":"2025-08-23T01:28:22","date_gmt":"2025-08-23T01:28:22","guid":{"rendered":"https:\/\/contenidos.mx\/?p=551"},"modified":"2025-08-23T01:28:23","modified_gmt":"2025-08-23T01:28:23","slug":"tamaulipas-fortalece-seguridad-con-nuevo-complejo-de-guardia-nacional-en-ciudad-mier","status":"publish","type":"post","link":"https:\/\/contenidos.mx\/?p=551","title":{"rendered":"Tamaulipas fortalece seguridad con nuevo complejo de Guardia Nacional en Ciudad Mier"},"content":{"rendered":"\n<p><strong>Ciudad Mier, Tamaulipas.<\/strong>&nbsp;\u2014 En un paso estrat\u00e9gico para fortalecer la seguridad en la frontera norte, el&nbsp;<strong>gobernador Am\u00e9rico Villarreal Anaya<\/strong>&nbsp;y el&nbsp;<strong>comandante de la Guardia Nacional, general Hern\u00e1n Cort\u00e9s Hern\u00e1ndez<\/strong>, inauguraron este jueves las nuevas instalaciones del&nbsp;<strong>12\u00b0 Batall\u00f3n<\/strong>&nbsp;de la Guardia Nacional en Ciudad Mier, que incluyen tres compa\u00f1\u00edas operativas y una unidad habitacional para los elementos.<\/p>\n\n\n\n<h4 class=\"wp-block-heading\"><strong>Infraestructura de vanguardia<\/strong><\/h4>\n\n\n\n<p>El nuevo complejo, que representa una inversi\u00f3n significativa en seguridad fronteriza, cuenta con:<\/p>\n\n\n\n<ul class=\"wp-block-list\">\n<li><strong>Oficina de comandancia<\/strong>\u00a0y \u00e1reas administrativas<\/li>\n\n\n\n<li><strong>Alojamientos diferenciados<\/strong>\u00a0para hombres y mujeres<\/li>\n\n\n\n<li><strong>Sala de academias<\/strong>\u00a0para capacitaci\u00f3n continua<\/li>\n\n\n\n<li><strong>Comedor<\/strong>\u00a0con capacidad para 400 personas<\/li>\n\n\n\n<li><strong>Helipuerto<\/strong>\u00a0operativo<\/li>\n\n\n\n<li><strong>Stand de tiro<\/strong>\u00a0para entrenamiento<\/li>\n\n\n\n<li><strong>5 edificios habitacionales<\/strong>\u00a0de tres niveles<\/li>\n\n\n\n<li><strong>Estacionamiento<\/strong>\u00a0con 107 cajones<\/li>\n<\/ul>\n\n\n\n<h4 class=\"wp-block-heading\"><strong>Compromiso con la seguridad coordinada<\/strong><\/h4>\n\n\n\n<p>Durante la ceremonia, el gobernador Villarreal destac\u00f3 que esta inauguraci\u00f3n forma parte del&nbsp;<strong>despliegue operativo<\/strong>&nbsp;destinado a proteger a la poblaci\u00f3n de la regi\u00f3n:&nbsp;<em>&#8220;Desde este rinc\u00f3n de la patria, trabajamos en una pol\u00edtica donde impera el humanismo mexicano y donde el estado recobra la confianza de sus ciudadanos&#8221;<\/em>.<\/p>\n\n\n\n<p>El mandatario estatal reiter\u00f3 el compromiso de Tamaulipas con la&nbsp;<strong>estrategia de seguridad<\/strong>&nbsp;de la&nbsp;<strong>presidenta Claudia Sheinbaum<\/strong>&nbsp;y subray\u00f3 la importancia de la&nbsp;<strong>colaboraci\u00f3n binacional<\/strong>&nbsp;en la frontera.<\/p>\n\n\n\n<h4 class=\"wp-block-heading\"><strong>Fortalecimiento institucional<\/strong><\/h4>\n\n\n\n<p>El&nbsp;<strong>general Ignacio Murillo Rodr\u00edguez<\/strong>, coordinador territorial de la Guardia Nacional Regi\u00f3n Golfo, enfatiz\u00f3 que estas instalaciones permitir\u00e1n a los elementos desempe\u00f1ar cabalmente sus funciones:&nbsp;<em>&#8220;Son el reflejo tangible del esfuerzo conjunto entre sociedad y gobierno para garantizar la seguridad y el bienestar de los tamaulipecos&#8221;<\/em>.<\/p>\n\n\n\n<h4 class=\"wp-block-heading\"><strong>Presencia interinstitucional<\/strong><\/h4>\n\n\n\n<p>El evento cont\u00f3 con la presencia de:<\/p>\n\n\n\n<ul class=\"wp-block-list\">\n<li><strong>Adriana Hinojosa Ib\u00e1\u00f1ez<\/strong>, alcaldesa de Ciudad Mier<\/li>\n\n\n\n<li><strong>Carlos Arturo Pancardo Escudero<\/strong>, secretario de Seguridad P\u00fablica estatal<\/li>\n\n\n\n<li><strong>Pedro Cepeda Anaya<\/strong>, secretario de Obras P\u00fablicas<\/li>\n\n\n\n<li>Presidentes municipales de la regi\u00f3n fronteriza<\/li>\n\n\n\n<li>Altos mandos de la Guardia Nacional<\/li>\n<\/ul>\n","protected":false},"excerpt":{"rendered":"<p>Ciudad Mier, Tamaulipas.&nbsp;\u2014 En un paso estrat\u00e9gico para fortalecer la seguridad en la frontera norte, el&nbsp;gobernador Am\u00e9rico Villarreal Anaya&nbsp;y el&nbsp;comandante de la Guardia Nacional, general Hern\u00e1n Cort\u00e9s Hern\u00e1ndez, inauguraron este jueves las nuevas instalaciones del&nbsp;12\u00b0 Batall\u00f3n&nbsp;de la Guardia Nacional en Ciudad Mier, que incluyen tres compa\u00f1\u00edas operativas y una unidad habitacional para los elementos. Infraestructura [&hellip;]<\/p>\n","protected":false},"author":1,"featured_media":552,"comment_status":"open","ping_status":"open","sticky":false,"template":"","format":"standard","meta":{"om_disable_all_campaigns":false,"_monsterinsights_skip_tracking":false,"_monsterinsights_sitenote_active":false,"_monsterinsights_sitenote_note":"","_monsterinsights_sitenote_category":0,"footnotes":""},"categories":[1],"tags":[],"class_list":["post-551","post","type-post","status-publish","format-standard","has-post-thumbnail","hentry","category-region"],"aioseo_notices":[],"_links":{"self":[{"href":"https:\/\/contenidos.mx\/index.php?rest_route=\/wp\/v2\/posts\/551","targetHints":{"allow":["GET"]}}],"collection":[{"href":"https:\/\/contenidos.mx\/index.php?rest_route=\/wp\/v2\/posts"}],"about":[{"href":"https:\/\/contenidos.mx\/index.php?rest_route=\/wp\/v2\/types\/post"}],"author":[{"embeddable":true,"href":"https:\/\/contenidos.mx\/index.php?rest_route=\/wp\/v2\/users\/1"}],"replies":[{"embeddable":true,"href":"https:\/\/contenidos.mx\/index.php?rest_route=%2Fwp%2Fv2%2Fcomments&post=551"}],"version-history":[{"count":1,"href":"https:\/\/contenidos.mx\/index.php?rest_route=\/wp\/v2\/posts\/551\/revisions"}],"predecessor-version":[{"id":553,"href":"https:\/\/contenidos.mx\/index.php?rest_route=\/wp\/v2\/posts\/551\/revisions\/553"}],"wp:featuredmedia":[{"embeddable":true,"href":"https:\/\/contenidos.mx\/index.php?rest_route=\/wp\/v2\/media\/552"}],"wp:attachment":[{"href":"https:\/\/contenidos.mx\/index.php?rest_route=%2Fwp%2Fv2%2Fmedia&parent=551"}],"wp:term":[{"taxonomy":"category","embeddable":true,"href":"https:\/\/contenidos.mx\/index.php?rest_route=%2Fwp%2Fv2%2Fcategories&post=551"},{"taxonomy":"post_tag","embeddable":true,"href":"https:\/\/contenidos.mx\/index.php?rest_route=%2Fwp%2Fv2%2Ftags&post=551"}],"curies":[{"name":"wp","href":"https:\/\/api.w.org\/{rel}","templated":true}]}}