{"id":580,"date":"2025-09-15T23:53:17","date_gmt":"2025-09-15T23:53:17","guid":{"rendered":"https:\/\/contenidos.mx\/?p=580"},"modified":"2025-09-15T23:53:17","modified_gmt":"2025-09-15T23:53:17","slug":"semana-nacional-de-salud-publica-2025-en-tamaulipas-supera-metas-de-cobertura","status":"publish","type":"post","link":"https:\/\/contenidos.mx\/?p=580","title":{"rendered":"Semana Nacional de Salud P\u00fablica 2025 en Tamaulipas Supera Metas de Cobertura"},"content":{"rendered":"\n<p><strong>Ciudad Victoria, Tamaulipas.<\/strong>&nbsp;&#8211; La Semana Nacional de Salud P\u00fablica 2025 concluy\u00f3 con \u00e9xito en Tamaulipas al superar la meta de cobertura establecida, con m\u00e1s de 737,000 personas beneficiadas a trav\u00e9s de diversas actividades de promoci\u00f3n y prevenci\u00f3n de la salud.<\/p>\n\n\n\n<p><strong>Resultados Destacados de la Jornada Nacional<\/strong><\/p>\n\n\n\n<p>El secretario de Salud estatal, Vicente Joel Hern\u00e1ndez Navarro, inform\u00f3 que la jornada, realizada del 6 al 13 de septiembre bajo el lema \u201cUnidas y unidos por tu salud, construyendo bienestar\u201d, logr\u00f3 un alcance del 100% de la meta poblacional proyectada.<\/p>\n\n\n\n<p>En una reuni\u00f3n de trabajo para presentar los resultados, se detall\u00f3 que se benefici\u00f3 a&nbsp;<strong>737,792 personas<\/strong>&nbsp;con acciones que incluyeron la aplicaci\u00f3n de&nbsp;<strong>24,604 dosis<\/strong>&nbsp;de diferentes vacunas.<\/p>\n\n\n\n<p><strong>Acciones de Vacunaci\u00f3n y Prevenci\u00f3n<\/strong><\/p>\n\n\n\n<p>Entre las actividades m\u00e1s relevantes se encontraron las campa\u00f1as de vacunaci\u00f3n, que jugaron un papel crucial:<\/p>\n\n\n\n<ul class=\"wp-block-list\">\n<li>Se aplicaron\u00a0<strong>8,652 dosis<\/strong>\u00a0para la protecci\u00f3n contra el sarampi\u00f3n.<\/li>\n\n\n\n<li>Se administraron vacunas contra el Virus del Papiloma Humano (VPH), rotavirus y t\u00e9tanos, entre otras.<\/li>\n\n\n\n<li>Estas acciones buscan garantizar la protecci\u00f3n y la prevenci\u00f3n de enfermedades entre la poblaci\u00f3n tamaulipeca.<\/li>\n<\/ul>\n\n\n\n<p><strong>Esfuerzo Institucional Conjunto<\/strong><\/p>\n\n\n\n<p>El \u00e9xito de la jornada fue posible gracias al esfuerzo coordinado de todas las instituciones del sector salud, incluyendo el IMSS, IMSS Bienestar, ISSSTE, Secretar\u00eda de la Defensa Nacional, Secretar\u00eda de Marina y Petr\u00f3leos Mexicanos (Pemex).<\/p>\n\n\n\n<p>Se cont\u00f3 adem\u00e1s con la participaci\u00f3n fundamental de la sociedad civil, instituciones acad\u00e9micas, ayuntamientos y medios de comunicaci\u00f3n, reflejando un modelo de trabajo colaborativo para acercar los servicios de salud a toda la poblaci\u00f3n, como parte del compromiso del gobierno del estado<\/p>\n","protected":false},"excerpt":{"rendered":"<p>Ciudad Victoria, Tamaulipas.&nbsp;&#8211; La Semana Nacional de Salud P\u00fablica 2025 concluy\u00f3 con \u00e9xito en Tamaulipas al superar la meta de cobertura establecida, con m\u00e1s de 737,000 personas beneficiadas a trav\u00e9s de diversas actividades de promoci\u00f3n y prevenci\u00f3n de la salud. Resultados Destacados de la Jornada Nacional El secretario de Salud estatal, Vicente Joel Hern\u00e1ndez Navarro, [&hellip;]<\/p>\n","protected":false},"author":1,"featured_media":581,"comment_status":"open","ping_status":"open","sticky":false,"template":"","format":"standard","meta":{"om_disable_all_campaigns":false,"_monsterinsights_skip_tracking":false,"_monsterinsights_sitenote_active":false,"_monsterinsights_sitenote_note":"","_monsterinsights_sitenote_category":0,"footnotes":""},"categories":[1],"tags":[41,215,12,40],"class_list":["post-580","post","type-post","status-publish","format-standard","has-post-thumbnail","hentry","category-region","tag-salud","tag-salud-tamaulipas","tag-tamaulipas","tag-vacunacion"],"aioseo_notices":[],"_links":{"self":[{"href":"https:\/\/contenidos.mx\/index.php?rest_route=\/wp\/v2\/posts\/580","targetHints":{"allow":["GET"]}}],"collection":[{"href":"https:\/\/contenidos.mx\/index.php?rest_route=\/wp\/v2\/posts"}],"about":[{"href":"https:\/\/contenidos.mx\/index.php?rest_route=\/wp\/v2\/types\/post"}],"author":[{"embeddable":true,"href":"https:\/\/contenidos.mx\/index.php?rest_route=\/wp\/v2\/users\/1"}],"replies":[{"embeddable":true,"href":"https:\/\/contenidos.mx\/index.php?rest_route=%2Fwp%2Fv2%2Fcomments&post=580"}],"version-history":[{"count":1,"href":"https:\/\/contenidos.mx\/index.php?rest_route=\/wp\/v2\/posts\/580\/revisions"}],"predecessor-version":[{"id":582,"href":"https:\/\/contenidos.mx\/index.php?rest_route=\/wp\/v2\/posts\/580\/revisions\/582"}],"wp:featuredmedia":[{"embeddable":true,"href":"https:\/\/contenidos.mx\/index.php?rest_route=\/wp\/v2\/media\/581"}],"wp:attachment":[{"href":"https:\/\/contenidos.mx\/index.php?rest_route=%2Fwp%2Fv2%2Fmedia&parent=580"}],"wp:term":[{"taxonomy":"category","embeddable":true,"href":"https:\/\/contenidos.mx\/index.php?rest_route=%2Fwp%2Fv2%2Fcategories&post=580"},{"taxonomy":"post_tag","embeddable":true,"href":"https:\/\/contenidos.mx\/index.php?rest_route=%2Fwp%2Fv2%2Ftags&post=580"}],"curies":[{"name":"wp","href":"https:\/\/api.w.org\/{rel}","templated":true}]}}