{"id":583,"date":"2025-09-16T20:12:19","date_gmt":"2025-09-16T20:12:19","guid":{"rendered":"https:\/\/contenidos.mx\/?p=583"},"modified":"2025-09-16T20:12:19","modified_gmt":"2025-09-16T20:12:19","slug":"tamaulipas-conmemora-215-aniversario-del-grito-de-independencia","status":"publish","type":"post","link":"https:\/\/contenidos.mx\/?p=583","title":{"rendered":"Tamaulipas Conmemora 215 Aniversario del Grito de Independencia"},"content":{"rendered":"\n<p><strong>Ciudad Victoria, Tamaulipas.<\/strong>&nbsp;&#8211; Miles de familias se dieron cita en la Plaza Ju\u00e1rez de la capital tamaulipeca para ser part\u00edcipes de la ceremonia conmemorativa del 215 Aniversario del Grito de Independencia, encabezada por el gobernador del estado, Am\u00e9rico Villarreal Anaya.<\/p>\n\n\n\n<p><strong>Ceremonia C\u00edvica y Arenga Oficial<\/strong><\/p>\n\n\n\n<p>Desde la escalinata de Palacio de Gobierno, el mandatario estatal recibi\u00f3 la bandera nacional de manos de una escolta del 77 Batall\u00f3n de Infanter\u00eda. En su arenga tradicional, el gobernador Villarreal Anaya vitore\u00f3 a los h\u00e9roes nacionales que forjaron la patria, as\u00ed como a figuras hist\u00f3ricas de Tamaulipas como Isadora Ovalle y Felipe de la Garza.<\/p>\n\n\n\n<p>De manera destacada, en su discurso tambi\u00e9n incluy\u00f3 vivas a &#8220;la honestidad y la justicia&#8221; y a &#8220;las y los hermanos migrantes&#8221;, antes de finalizar con un &#8220;\u00a1Viva M\u00e9xico!&#8221; coreado por la multitud.<\/p>\n\n\n\n<p><strong>Presencia de Autoridades y Desarrollo del Evento<\/strong><\/p>\n\n\n\n<p>En el evento c\u00edvico estuvieron presentes los titulares de los Poderes Legislativo y Judicial, el diputado Humberto Prieto Herrera y el magistrado Hern\u00e1n de la Garza Tamez, respectivamente, junto con altos mandos militares.<\/p>\n\n\n\n<p>La ceremonia protocolaria incluy\u00f3 el ondear de la bandera, el repique de la campana y la entonaci\u00f3n del Himno Nacional Mexicano, actos seguidos de un vistoso espect\u00e1culo de pirotecnia.<\/p>\n\n\n\n<p><strong>Vinculaci\u00f3n Nacional y Actividades Culturales<\/strong><\/p>\n\n\n\n<p>A trav\u00e9s de una pantalla, los asistentes presenciaron en vivo el hist\u00f3rico Grito de Independencia encabezado por la presidenta de M\u00e9xico, Claudia Sheinbaum Pardo, desde el Z\u00f3calo de la Ciudad de M\u00e9xico.<\/p>\n\n\n\n<p>La celebraci\u00f3n inici\u00f3 desde horas previas con un ambiente festivo, donde las familias disfrutaron de presentaciones de grupos folcl\u00f3ricos, m\u00fasica regional mexicana y degustaron platillos tradicionales en stands instalados sobre la avenida Francisco I. Madero. La noche culmin\u00f3 con un magno concierto del grupo&nbsp;<strong>Los \u00c1ngeles Azules<\/strong>, que cerr\u00f3 la fiesta con baile y m\u00fasica.<\/p>\n","protected":false},"excerpt":{"rendered":"<p>Ciudad Victoria, Tamaulipas.&nbsp;&#8211; Miles de familias se dieron cita en la Plaza Ju\u00e1rez de la capital tamaulipeca para ser part\u00edcipes de la ceremonia conmemorativa del 215 Aniversario del Grito de Independencia, encabezada por el gobernador del estado, Am\u00e9rico Villarreal Anaya. Ceremonia C\u00edvica y Arenga Oficial Desde la escalinata de Palacio de Gobierno, el mandatario estatal [&hellip;]<\/p>\n","protected":false},"author":1,"featured_media":584,"comment_status":"open","ping_status":"open","sticky":false,"template":"","format":"standard","meta":{"om_disable_all_campaigns":false,"_monsterinsights_skip_tracking":false,"_monsterinsights_sitenote_active":false,"_monsterinsights_sitenote_note":"","_monsterinsights_sitenote_category":0,"footnotes":""},"categories":[1],"tags":[],"class_list":["post-583","post","type-post","status-publish","format-standard","has-post-thumbnail","hentry","category-region"],"aioseo_notices":[],"_links":{"self":[{"href":"https:\/\/contenidos.mx\/index.php?rest_route=\/wp\/v2\/posts\/583","targetHints":{"allow":["GET"]}}],"collection":[{"href":"https:\/\/contenidos.mx\/index.php?rest_route=\/wp\/v2\/posts"}],"about":[{"href":"https:\/\/contenidos.mx\/index.php?rest_route=\/wp\/v2\/types\/post"}],"author":[{"embeddable":true,"href":"https:\/\/contenidos.mx\/index.php?rest_route=\/wp\/v2\/users\/1"}],"replies":[{"embeddable":true,"href":"https:\/\/contenidos.mx\/index.php?rest_route=%2Fwp%2Fv2%2Fcomments&post=583"}],"version-history":[{"count":1,"href":"https:\/\/contenidos.mx\/index.php?rest_route=\/wp\/v2\/posts\/583\/revisions"}],"predecessor-version":[{"id":585,"href":"https:\/\/contenidos.mx\/index.php?rest_route=\/wp\/v2\/posts\/583\/revisions\/585"}],"wp:featuredmedia":[{"embeddable":true,"href":"https:\/\/contenidos.mx\/index.php?rest_route=\/wp\/v2\/media\/584"}],"wp:attachment":[{"href":"https:\/\/contenidos.mx\/index.php?rest_route=%2Fwp%2Fv2%2Fmedia&parent=583"}],"wp:term":[{"taxonomy":"category","embeddable":true,"href":"https:\/\/contenidos.mx\/index.php?rest_route=%2Fwp%2Fv2%2Fcategories&post=583"},{"taxonomy":"post_tag","embeddable":true,"href":"https:\/\/contenidos.mx\/index.php?rest_route=%2Fwp%2Fv2%2Ftags&post=583"}],"curies":[{"name":"wp","href":"https:\/\/api.w.org\/{rel}","templated":true}]}}