{"id":721,"date":"2026-04-28T22:38:58","date_gmt":"2026-04-28T22:38:58","guid":{"rendered":"https:\/\/contenidos.mx\/?p=721"},"modified":"2026-04-28T22:38:58","modified_gmt":"2026-04-28T22:38:58","slug":"rector-damaso-anaya-presentara-su-segundo-informe-en-la-uat-destaca-apoyo-historico-en-becas","status":"publish","type":"post","link":"https:\/\/contenidos.mx\/?p=721","title":{"rendered":"Rector D\u00e1maso Anaya presentar\u00e1 su Segundo Informe en la UAT: Destaca apoyo hist\u00f3rico en becas"},"content":{"rendered":"\n<p>Con el compromiso de rendir cuentas sobre los avances en la m\u00e1xima casa de estudios del estado, el rector de la <strong>Universidad Aut\u00f3noma de Tamaulipas (UAT)<\/strong>, D\u00e1maso Anaya Alvarado, presentar\u00e1 su <strong>Segundo Informe de Actividades<\/strong> este mi\u00e9rcoles 29 de abril.<\/p>\n\n\n\n<p>El evento, que se llevar\u00e1 a cabo ante la Asamblea Universitaria, pondr\u00e1 especial \u00e9nfasis en dos ejes centrales: el fortalecimiento acad\u00e9mico y el bienestar estudiantil, pilares que han definido su administraci\u00f3n humanista.<\/p>\n\n\n\n<h2 class=\"wp-block-heading\"><strong>Cifra r\u00e9cord: 1 de cada 2 estudiantes cuenta con beca<\/strong><\/h2>\n\n\n\n<p>Uno de los logros m\u00e1s significativos que se detallar\u00e1n en el informe es el alcance del programa de becas institucional. Actualmente, el <strong>50% de la matr\u00edcula total<\/strong> \u2014que supera los 42,000 estudiantes desde bachillerato hasta posgrado\u2014 cuenta con alg\u00fan tipo de apoyo econ\u00f3mico.<\/p>\n\n\n\n<p>Esto significa que m\u00e1s de <strong>21,000 alumnos<\/strong> reciben respaldo de la UAT para continuar sus estudios, cumpliendo con la meta de que ning\u00fan joven abandone su formaci\u00f3n por falta de recursos.<\/p>\n\n\n\n<h2 class=\"wp-block-heading\"><strong>Infraestructura y excelencia acad\u00e9mica<\/strong><\/h2>\n\n\n\n<p>D\u00e1maso Anaya destac\u00f3 que la transformaci\u00f3n de la universidad tambi\u00e9n es f\u00edsica. Durante su gesti\u00f3n, se han implementado mejoras cr\u00edticas en la infraestructura, tales como:<\/p>\n\n\n\n<ul class=\"wp-block-list\">\n<li><strong>Modernizaci\u00f3n de aulas y laboratorios:<\/strong> Equipamiento de \u00faltima tecnolog\u00eda para la ense\u00f1anza.<\/li>\n\n\n\n<li><strong>Espacios comunes:<\/strong> Construcci\u00f3n de techumbres y rehabilitaci\u00f3n de \u00e1reas de convivencia.<\/li>\n\n\n\n<li><strong>Acreditaciones:<\/strong> Avances s\u00f3lidos en certificaciones nacionales e internacionales de los programas educativos.<\/li>\n<\/ul>\n\n\n\n<p>Adem\u00e1s de la infraestructura, el informe abordar\u00e1 el impulso al deporte universitario y el fortalecimiento de la vinculaci\u00f3n con los sectores sociales de Tamaulipas.<\/p>\n\n\n\n<h2 class=\"wp-block-heading\"><strong>\u00bfD\u00f3nde y cu\u00e1ndo ver el Segundo Informe?<\/strong><\/h2>\n\n\n\n<p>El Segundo Informe de actividades tendr\u00e1 lugar en <strong>Ciudad Victoria<\/strong>:<\/p>\n\n\n\n<ul class=\"wp-block-list\">\n<li><strong>Fecha:<\/strong> Mi\u00e9rcoles, 29 de abril.<\/li>\n\n\n\n<li><strong>Hora:<\/strong> 12:00 horas.<\/li>\n\n\n\n<li><strong>Sede:<\/strong> Centro de Excelencia del Campus Victoria.<\/li>\n<\/ul>\n\n\n\n<p>Para asegurar que toda la comunidad universitaria sea parte de este ejercicio de transparencia, el evento ser\u00e1 transmitido en vivo por videoconferencia a todas las facultades y unidades acad\u00e9micas del estado, as\u00ed como a trav\u00e9s de las redes sociales oficiales de la UAT.<\/p>\n","protected":false},"excerpt":{"rendered":"<p>Con el compromiso de rendir cuentas sobre los avances en la m\u00e1xima casa de estudios del estado, el rector de la Universidad Aut\u00f3noma de Tamaulipas (UAT), D\u00e1maso Anaya Alvarado, presentar\u00e1 su Segundo Informe de Actividades este mi\u00e9rcoles 29 de abril. El evento, que se llevar\u00e1 a cabo ante la Asamblea Universitaria, pondr\u00e1 especial \u00e9nfasis en [&hellip;]<\/p>\n","protected":false},"author":1,"featured_media":722,"comment_status":"open","ping_status":"open","sticky":false,"template":"","format":"standard","meta":{"om_disable_all_campaigns":false,"_monsterinsights_skip_tracking":false,"_monsterinsights_sitenote_active":false,"_monsterinsights_sitenote_note":"","_monsterinsights_sitenote_category":0,"footnotes":""},"categories":[1],"tags":[12,17],"class_list":["post-721","post","type-post","status-publish","format-standard","has-post-thumbnail","hentry","category-region","tag-tamaulipas","tag-uat"],"aioseo_notices":[],"_links":{"self":[{"href":"https:\/\/contenidos.mx\/index.php?rest_route=\/wp\/v2\/posts\/721","targetHints":{"allow":["GET"]}}],"collection":[{"href":"https:\/\/contenidos.mx\/index.php?rest_route=\/wp\/v2\/posts"}],"about":[{"href":"https:\/\/contenidos.mx\/index.php?rest_route=\/wp\/v2\/types\/post"}],"author":[{"embeddable":true,"href":"https:\/\/contenidos.mx\/index.php?rest_route=\/wp\/v2\/users\/1"}],"replies":[{"embeddable":true,"href":"https:\/\/contenidos.mx\/index.php?rest_route=%2Fwp%2Fv2%2Fcomments&post=721"}],"version-history":[{"count":1,"href":"https:\/\/contenidos.mx\/index.php?rest_route=\/wp\/v2\/posts\/721\/revisions"}],"predecessor-version":[{"id":723,"href":"https:\/\/contenidos.mx\/index.php?rest_route=\/wp\/v2\/posts\/721\/revisions\/723"}],"wp:featuredmedia":[{"embeddable":true,"href":"https:\/\/contenidos.mx\/index.php?rest_route=\/wp\/v2\/media\/722"}],"wp:attachment":[{"href":"https:\/\/contenidos.mx\/index.php?rest_route=%2Fwp%2Fv2%2Fmedia&parent=721"}],"wp:term":[{"taxonomy":"category","embeddable":true,"href":"https:\/\/contenidos.mx\/index.php?rest_route=%2Fwp%2Fv2%2Fcategories&post=721"},{"taxonomy":"post_tag","embeddable":true,"href":"https:\/\/contenidos.mx\/index.php?rest_route=%2Fwp%2Fv2%2Ftags&post=721"}],"curies":[{"name":"wp","href":"https:\/\/api.w.org\/{rel}","templated":true}]}}